{"id":552,"count":6,"description":"","link":"https:\/\/gemeinschaft-unabhaengiger-toenisvorster.de\/index.php\/tag\/ausschuss-fuer-mobilitaet-digitalisierung-und-wirtschaftsfoerderung\/","name":"Ausschuss f\u00fcr Mobilit\u00e4t Digitalisierung und Wirtschaftsf\u00f6rderung","slug":"ausschuss-fuer-mobilitaet-digitalisierung-und-wirtschaftsfoerderung","taxonomy":"post_tag","meta":[],"_links":{"self":[{"href":"https:\/\/gemeinschaft-unabhaengiger-toenisvorster.de\/index.php\/wp-json\/wp\/v2\/tags\/552","targetHints":{"allow":["GET"]}}],"collection":[{"href":"https:\/\/gemeinschaft-unabhaengiger-toenisvorster.de\/index.php\/wp-json\/wp\/v2\/tags"}],"about":[{"href":"https:\/\/gemeinschaft-unabhaengiger-toenisvorster.de\/index.php\/wp-json\/wp\/v2\/taxonomies\/post_tag"}],"wp:post_type":[{"href":"https:\/\/gemeinschaft-unabhaengiger-toenisvorster.de\/index.php\/wp-json\/wp\/v2\/posts?tags=552"}],"curies":[{"name":"wp","href":"https:\/\/api.w.org\/{rel}","templated":true}]}}