{"id":853,"date":"2020-06-14T17:31:06","date_gmt":"2020-06-14T15:31:06","guid":{"rendered":"http:\/\/gemeinschaft-unabhaengiger-toenisvorster.de\/?p=853"},"modified":"2020-06-24T13:52:12","modified_gmt":"2020-06-24T11:52:12","slug":"erfolgreiche-aufstellungsversammlung-zur-kommunalwahl-2020","status":"publish","type":"post","link":"https:\/\/gemeinschaft-unabhaengiger-toenisvorster.de\/index.php\/2020\/06\/14\/erfolgreiche-aufstellungsversammlung-zur-kommunalwahl-2020\/","title":{"rendered":"Erfolgreiche Aufstellungsversammlung zur Kommunalwahl 2020"},"content":{"rendered":"<div class=\"shariff shariff-align-left shariff-widget-align-left shariff-buttonstretch\" style=\"display:none\"><ul class=\"shariff-buttons theme-color orientation-horizontal buttonsize-small\"><li class=\"shariff-button mailto shariff-nocustomcolor\" style=\"background-color:#a8a8a8\"><a href=\"mailto:?body=https%3A%2F%2Fgemeinschaft-unabhaengiger-toenisvorster.de%2Findex.php%2F2020%2F06%2F14%2Ferfolgreiche-aufstellungsversammlung-zur-kommunalwahl-2020%2F&subject=Erfolgreiche%20Aufstellungsversammlung%20zur%20Kommunalwahl%202020\" title=\"Per E-Mail versenden\" aria-label=\"Per E-Mail versenden\" role=\"button\" rel=\"noopener nofollow\" class=\"shariff-link\" style=\"; background-color:#999; color:#fff\"><span class=\"shariff-icon\" style=\"\"><svg width=\"32px\" height=\"20px\" xmlns=\"http:\/\/www.w3.org\/2000\/svg\" viewBox=\"0 0 32 32\"><path fill=\"#999\" d=\"M32 12.7v14.2q0 1.2-0.8 2t-2 0.9h-26.3q-1.2 0-2-0.9t-0.8-2v-14.2q0.8 0.9 1.8 1.6 6.5 4.4 8.9 6.1 1 0.8 1.6 1.2t1.7 0.9 2 0.4h0.1q0.9 0 2-0.4t1.7-0.9 1.6-1.2q3-2.2 8.9-6.1 1-0.7 1.8-1.6zM32 7.4q0 1.4-0.9 2.7t-2.2 2.2q-6.7 4.7-8.4 5.8-0.2 0.1-0.7 0.5t-1 0.7-0.9 0.6-1.1 0.5-0.9 0.2h-0.1q-0.4 0-0.9-0.2t-1.1-0.5-0.9-0.6-1-0.7-0.7-0.5q-1.6-1.1-4.7-3.2t-3.6-2.6q-1.1-0.7-2.1-2t-1-2.5q0-1.4 0.7-2.3t2.1-0.9h26.3q1.2 0 2 0.8t0.9 2z\"\/><\/svg><\/span><span class=\"shariff-text\">E-Mail<\/span>&nbsp;<\/a><\/li><li class=\"shariff-button printer shariff-nocustomcolor\" style=\"background-color:#a8a8a8\"><a href=\"javascript:window.print()\" title=\"drucken\" aria-label=\"drucken\" role=\"button\" rel=\"noopener nofollow\" class=\"shariff-link\" style=\"; background-color:#999; color:#fff\"><span class=\"shariff-icon\" style=\"\"><svg width=\"32px\" height=\"20px\" xmlns=\"http:\/\/www.w3.org\/2000\/svg\" viewBox=\"0 0 30 32\"><path fill=\"#999\" d=\"M6.8 27.4h16v-4.6h-16v4.6zM6.8 16h16v-6.8h-2.8q-0.7 0-1.2-0.5t-0.5-1.2v-2.8h-11.4v11.4zM27.4 17.2q0-0.5-0.3-0.8t-0.8-0.4-0.8 0.4-0.3 0.8 0.3 0.8 0.8 0.3 0.8-0.3 0.3-0.8zM29.7 17.2v7.4q0 0.2-0.2 0.4t-0.4 0.2h-4v2.8q0 0.7-0.5 1.2t-1.2 0.5h-17.2q-0.7 0-1.2-0.5t-0.5-1.2v-2.8h-4q-0.2 0-0.4-0.2t-0.2-0.4v-7.4q0-1.4 1-2.4t2.4-1h1.2v-9.7q0-0.7 0.5-1.2t1.2-0.5h12q0.7 0 1.6 0.4t1.3 0.8l2.7 2.7q0.5 0.5 0.9 1.4t0.4 1.6v4.6h1.1q1.4 0 2.4 1t1 2.4z\"\/><\/svg><\/span><span class=\"shariff-text\">drucken<\/span>&nbsp;<\/a><\/li><li class=\"shariff-button facebook shariff-nocustomcolor\" style=\"background-color:#4273c8\"><a href=\"https:\/\/www.facebook.com\/sharer\/sharer.php?u=https%3A%2F%2Fgemeinschaft-unabhaengiger-toenisvorster.de%2Findex.php%2F2020%2F06%2F14%2Ferfolgreiche-aufstellungsversammlung-zur-kommunalwahl-2020%2F\" title=\"Bei Facebook teilen\" aria-label=\"Bei Facebook teilen\" role=\"button\" rel=\"nofollow\" class=\"shariff-link\" style=\"; background-color:#3b5998; color:#fff\" target=\"_blank\"><span class=\"shariff-icon\" style=\"\"><svg width=\"32px\" height=\"20px\" xmlns=\"http:\/\/www.w3.org\/2000\/svg\" viewBox=\"0 0 18 32\"><path fill=\"#3b5998\" d=\"M17.1 0.2v4.7h-2.8q-1.5 0-2.1 0.6t-0.5 1.9v3.4h5.2l-0.7 5.3h-4.5v13.6h-5.5v-13.6h-4.5v-5.3h4.5v-3.9q0-3.3 1.9-5.2t5-1.8q2.6 0 4.1 0.2z\"\/><\/svg><\/span><span class=\"shariff-text\">teilen<\/span>&nbsp;<\/a><\/li><li class=\"shariff-button twitter shariff-nocustomcolor\" style=\"background-color:#595959\"><a href=\"https:\/\/twitter.com\/share?url=https%3A%2F%2Fgemeinschaft-unabhaengiger-toenisvorster.de%2Findex.php%2F2020%2F06%2F14%2Ferfolgreiche-aufstellungsversammlung-zur-kommunalwahl-2020%2F&text=Erfolgreiche%20Aufstellungsversammlung%20zur%20Kommunalwahl%202020\" title=\"Bei X teilen\" aria-label=\"Bei X teilen\" role=\"button\" rel=\"noopener nofollow\" class=\"shariff-link\" style=\"; background-color:#000; color:#fff\" target=\"_blank\"><span class=\"shariff-icon\" style=\"\"><svg width=\"32px\" height=\"20px\" xmlns=\"http:\/\/www.w3.org\/2000\/svg\" viewBox=\"0 0 24 24\"><path fill=\"#000\" d=\"M14.258 10.152L23.176 0h-2.113l-7.747 8.813L7.133 0H0l9.352 13.328L0 23.973h2.113l8.176-9.309 6.531 9.309h7.133zm-2.895 3.293l-.949-1.328L2.875 1.56h3.246l6.086 8.523.945 1.328 7.91 11.078h-3.246zm0 0\"\/><\/svg><\/span><span class=\"shariff-text\">teilen<\/span>&nbsp;<\/a><\/li><li class=\"shariff-button whatsapp shariff-nocustomcolor\" style=\"background-color:#5cbe4a\"><a href=\"https:\/\/api.whatsapp.com\/send?text=https%3A%2F%2Fgemeinschaft-unabhaengiger-toenisvorster.de%2Findex.php%2F2020%2F06%2F14%2Ferfolgreiche-aufstellungsversammlung-zur-kommunalwahl-2020%2F%20Erfolgreiche%20Aufstellungsversammlung%20zur%20Kommunalwahl%202020\" title=\"Bei Whatsapp teilen\" aria-label=\"Bei Whatsapp teilen\" role=\"button\" rel=\"noopener nofollow\" class=\"shariff-link\" style=\"; background-color:#34af23; color:#fff\" target=\"_blank\"><span class=\"shariff-icon\" style=\"\"><svg width=\"32px\" height=\"20px\" xmlns=\"http:\/\/www.w3.org\/2000\/svg\" viewBox=\"0 0 32 32\"><path fill=\"#34af23\" d=\"M17.6 17.4q0.2 0 1.7 0.8t1.6 0.9q0 0.1 0 0.3 0 0.6-0.3 1.4-0.3 0.7-1.3 1.2t-1.8 0.5q-1 0-3.4-1.1-1.7-0.8-3-2.1t-2.6-3.3q-1.3-1.9-1.3-3.5v-0.1q0.1-1.6 1.3-2.8 0.4-0.4 0.9-0.4 0.1 0 0.3 0t0.3 0q0.3 0 0.5 0.1t0.3 0.5q0.1 0.4 0.6 1.6t0.4 1.3q0 0.4-0.6 1t-0.6 0.8q0 0.1 0.1 0.3 0.6 1.3 1.8 2.4 1 0.9 2.7 1.8 0.2 0.1 0.4 0.1 0.3 0 1-0.9t0.9-0.9zM14 26.9q2.3 0 4.3-0.9t3.6-2.4 2.4-3.6 0.9-4.3-0.9-4.3-2.4-3.6-3.6-2.4-4.3-0.9-4.3 0.9-3.6 2.4-2.4 3.6-0.9 4.3q0 3.6 2.1 6.6l-1.4 4.2 4.3-1.4q2.8 1.9 6.2 1.9zM14 2.2q2.7 0 5.2 1.1t4.3 2.9 2.9 4.3 1.1 5.2-1.1 5.2-2.9 4.3-4.3 2.9-5.2 1.1q-3.5 0-6.5-1.7l-7.4 2.4 2.4-7.2q-1.9-3.2-1.9-6.9 0-2.7 1.1-5.2t2.9-4.3 4.3-2.9 5.2-1.1z\"\/><\/svg><\/span><span class=\"shariff-text\">teilen<\/span>&nbsp;<\/a><\/li><li class=\"shariff-button telegram shariff-nocustomcolor\" style=\"background-color:#4084A6\"><a href=\"https:\/\/telegram.me\/share\/url?url=https%3A%2F%2Fgemeinschaft-unabhaengiger-toenisvorster.de%2Findex.php%2F2020%2F06%2F14%2Ferfolgreiche-aufstellungsversammlung-zur-kommunalwahl-2020%2F&text=Erfolgreiche%20Aufstellungsversammlung%20zur%20Kommunalwahl%202020\" title=\"Bei Telegram teilen\" aria-label=\"Bei Telegram teilen\" role=\"button\" rel=\"noopener nofollow\" class=\"shariff-link\" style=\"; background-color:#0088cc; color:#fff\" target=\"_blank\"><span class=\"shariff-icon\" style=\"\"><svg width=\"32px\" height=\"20px\" xmlns=\"http:\/\/www.w3.org\/2000\/svg\" viewBox=\"0 0 32 32\"><path fill=\"#0088cc\" d=\"M30.8 6.5l-4.5 21.4c-.3 1.5-1.2 1.9-2.5 1.2L16.9 24l-3.3 3.2c-.4.4-.7.7-1.4.7l.5-7L25.5 9.2c.6-.5-.1-.8-.9-.3l-15.8 10L2 16.7c-1.5-.5-1.5-1.5.3-2.2L28.9 4.3c1.3-.5 2.3.3 1.9 2.2z\"\/><\/svg><\/span><span class=\"shariff-text\">teilen<\/span>&nbsp;<\/a><\/li><li class=\"shariff-button threema shariff-nocustomcolor shariff-mobile\" style=\"background-color:#4fbc24\"><a href=\"threema:\/\/compose?text=Erfolgreiche%20Aufstellungsversammlung%20zur%20Kommunalwahl%202020%20https%3A%2F%2Fgemeinschaft-unabhaengiger-toenisvorster.de%2Findex.php%2F2020%2F06%2F14%2Ferfolgreiche-aufstellungsversammlung-zur-kommunalwahl-2020%2F\" title=\"Bei Threema teilen\" aria-label=\"Bei Threema teilen\" role=\"button\" rel=\"noopener nofollow\" class=\"shariff-link\" style=\"; background-color:#1f1f1f; color:#fff\" target=\"_blank\"><span class=\"shariff-icon\" style=\"\"><svg width=\"32px\" height=\"20px\" xmlns=\"http:\/\/www.w3.org\/2000\/svg\" viewBox=\"0 0 32 32\"><path fill=\"#1f1f1f\" d=\"M30.8 10.9c-0.3-1.4-0.9-2.6-1.8-3.8-2-2.6-5.5-4.5-9.4-5.2-1.3-0.2-1.9-0.3-3.5-0.3s-2.2 0-3.5 0.3c-4 0.7-7.4 2.6-9.4 5.2-0.9 1.2-1.5 2.4-1.8 3.8-0.1 0.5-0.2 1.2-0.2 1.6 0 0.4 0.1 1.1 0.2 1.6 0.4 1.9 1.3 3.4 2.9 5 0.8 0.8 0.8 0.8 0.7 1.3 0 0.6-0.5 1.6-1.7 3.6-0.3 0.5-0.5 0.9-0.5 0.9 0 0.1 0.1 0.1 0.5 0 0.8-0.2 2.3-0.6 5.6-1.6 1.1-0.3 1.3-0.4 2.3-0.4 0.8 0 1.1 0 2.3 0.2 1.5 0.2 3.5 0.2 4.9 0 5.1-0.6 9.3-2.9 11.4-6.3 0.5-0.9 0.9-1.8 1.1-2.8 0.1-0.5 0.2-1.1 0.2-1.6 0-0.7-0.1-1.1-0.2-1.6-0.3-1.4 0.1 0.5 0 0zM20.6 17.3c0 0.4-0.4 0.8-0.8 0.8h-7.7c-0.4 0-0.8-0.4-0.8-0.8v-4.6c0-0.4 0.4-0.8 0.8-0.8h0.2l0-1.6c0-0.9 0-1.8 0.1-2 0.1-0.6 0.6-1.2 1.1-1.7s1.1-0.7 1.9-0.8c1.8-0.3 3.7 0.7 4.2 2.2 0.1 0.3 0.1 0.7 0.1 2.1v0 1.7h0.1c0.4 0 0.8 0.4 0.8 0.8v4.6zM15.6 7.3c-0.5 0.1-0.8 0.3-1.2 0.6s-0.6 0.8-0.7 1.3c0 0.2 0 0.8 0 1.5l0 1.2h4.6v-1.3c0-1 0-1.4-0.1-1.6-0.3-1.1-1.5-1.9-2.6-1.7zM25.8 28.2c0 1.2-1 2.2-2.1 2.2s-2.1-1-2.1-2.1c0-1.2 1-2.1 2.2-2.1s2.2 1 2.2 2.2zM18.1 28.2c0 1.2-1 2.2-2.1 2.2s-2.1-1-2.1-2.1c0-1.2 1-2.1 2.2-2.1s2.2 1 2.2 2.2zM10.4 28.2c0 1.2-1 2.2-2.1 2.2s-2.1-1-2.1-2.1c0-1.2 1-2.1 2.2-2.1s2.2 1 2.2 2.2z\"\/><\/svg><\/span><span class=\"shariff-text\">teilen<\/span>&nbsp;<\/a><\/li><li class=\"shariff-button info shariff-nocustomcolor\" style=\"background-color:#a8a8a8\"><a href=\"http:\/\/ct.de\/-2467514\" title=\"Weitere Informationen\" aria-label=\"Weitere Informationen\" role=\"button\" rel=\"noopener \" class=\"shariff-link\" style=\"; background-color:#999; color:#fff\" target=\"_blank\"><span class=\"shariff-icon\" style=\"\"><svg width=\"32px\" height=\"20px\" xmlns=\"http:\/\/www.w3.org\/2000\/svg\" viewBox=\"0 0 11 32\"><path fill=\"#999\" d=\"M11.4 24v2.3q0 0.5-0.3 0.8t-0.8 0.4h-9.1q-0.5 0-0.8-0.4t-0.4-0.8v-2.3q0-0.5 0.4-0.8t0.8-0.4h1.1v-6.8h-1.1q-0.5 0-0.8-0.4t-0.4-0.8v-2.3q0-0.5 0.4-0.8t0.8-0.4h6.8q0.5 0 0.8 0.4t0.4 0.8v10.3h1.1q0.5 0 0.8 0.4t0.3 0.8zM9.2 3.4v3.4q0 0.5-0.4 0.8t-0.8 0.4h-4.6q-0.4 0-0.8-0.4t-0.4-0.8v-3.4q0-0.4 0.4-0.8t0.8-0.4h4.6q0.5 0 0.8 0.4t0.4 0.8z\"\/><\/svg><\/span><\/a><\/li><\/ul><\/div>\n<div class=\"wp-block-group\"><div class=\"wp-block-group__inner-container is-layout-flow wp-block-group-is-layout-flow\">\n<p>P\u00fcnktlich um 11 Uhr konnte Edith Furtmann heute die G\u00e4ste zur Aufstellungsversammlung der GUT in der Rosentalhalle begr\u00fc\u00dfen. Engagiert f\u00fchrte die Vorstandssprecherin gemeinsam mit Michael Sch\u00fctte, Robert Seifert und Philipp Jan\u00dfen durch die Veranstaltung, in der es zun\u00e4chst um \u00c4nderungen der Satzung ging, die die Mitgliederversammlung im Dezember dem Vorstand aufgegeben hatte, effektiv und z\u00fcgig ging es weiter durch die Versammlung, die in Anbetracht der \u00e4u\u00dferen Umst\u00e4nde nicht zu lang geraten sollte.<\/p>\n\n\n\n<h4 class=\"wp-block-heading\">Bahnanbindung f\u00fcr Vorst<\/h4>\n\n\n\n<p>Dabei stellte Jan\u00dfen in Ausz\u00fcgen das Wahlprogramm vor, welches im Zeichen von Klimaschutz und Verbesserung der Mobilit\u00e4t steht. Eine zentrale Forderung der GUT ist dabei eine bessere Anbindung an den schienengebundenen Nahverkehr und die Verl\u00e4ngerung der Stra\u00dfenbahn nach Vorst. <\/p>\n\n\n\n<h4 class=\"wp-block-heading\">Volle Unterst\u00fctzung f\u00fcr Uwe Leuchtenberg<\/h4>\n\n\n\n<p>Anschliessend richtete Uwe Leuchtenberg in einer Video-Live-Schalte aus seinem Sommerurlaub ein Gru\u00dfwort an die Versammlung, warb um Unterst\u00fctzung und beantwortete Fragen aus dem Plenum. Seine Worte schienen Wirkung entfaltet zu haben, bei nur einer Enthaltung stimmten 91,7% der Anwesenden f\u00fcr Leuchtenberg als gemeinsamen B\u00fcrgermeisterkandidaten mit SPD und Gr\u00fcnen.<\/p>\n<\/div><\/div>\n\n\n\n<iframe loading=\"lazy\" width=\"760\" height=\"415\" src=\"https:\/\/www.youtube.com\/embed\/Qxj32eMXOz4\" frameborder=\"0\" allow=\"accelerometer; autoplay; encrypted-media; gyroscope; picture-in-picture\" allowfullscreen=\"\"><\/iframe>\n\n\n\n<h4 class=\"wp-block-heading\">Einstimmigkeit bei Wahlbezirken und Listenpl\u00e4tzen<\/h4>\n\n\n\n<div class=\"wp-block-image\"><figure class=\"alignleft size-large is-resized\"><img loading=\"lazy\" decoding=\"async\" src=\"http:\/\/gemeinschaft-unabhaengiger-toenisvorster.de\/wp-content\/uploads\/2020\/06\/engler_dirk.png\" alt=\"\" class=\"wp-image-885\" width=\"138\" height=\"174\"\/><figcaption>Dirk Engler<\/figcaption><\/figure><\/div>\n\n\n\n<p>Aufgrund gesundheitlicher Einschr\u00e4nkungen im Angesicht der Sars-Cov2 Pandemie besuchten dieses Mal etwas weniger als 50% der Mitglieder die Versammlung, es fehlten unter anderem der Vize-Fraktionssprecher Herbert Derksen und Vorstandssprecher Daniel Ponten. Die Anwesenden schenkten dem Vorstandsvorschlag zur Besetzung der Wahlbezirke und zur Reihenfolge der Liste ihr Vertrauen. Auf Antrag aus der Versammlung kam es lediglich zu einer \u00c4nderung, Silke Heide (Listenplatz 11) verzichtete auf den Wahlbezirk 7110, der von Dirk Engler besetzt wird.<\/p>\n\n\n\n<h4 class=\"wp-block-heading\">Zwei Vorster, zwei Sankt T\u00f6niser und eine Frau an der Spitze<\/h4>\n\n\n\n<div class=\"wp-block-image\"><figure class=\"alignright size-large is-resized\"><img loading=\"lazy\" decoding=\"async\" src=\"http:\/\/gemeinschaft-unabhaengiger-toenisvorster.de\/wp-content\/uploads\/2020\/05\/furtmann_edith.gif\" alt=\"\" class=\"wp-image-201\" width=\"128\" height=\"171\"\/><figcaption>Edith Furtmann<\/figcaption><\/figure><\/div>\n\n\n\n<p>Alle 19 Wahlbezirks-Kandidatinnen- und Kandidaten, sowie die Bewerberinnen und Bewerber um die Listenpl\u00e4tze, die die GUT besetzt, wurden einstimmig gew\u00e4hlt. An der Spitze der GUT treten zwei bekannte Vorster Gesichter an, Michael Sch\u00fctte und Philipp Jan\u00dfen besetzen die ersten Pl\u00e4tze. Es folgen Aleksander Weber und Ulrich Pokatilo aus Sankt T\u00f6nis, sowie Vorstandssprecherin Edith Furtmann auf Platz f\u00fcnf.<\/p>\n\n\n\n<p>In Gedenken an das k\u00fcrzlich verstorbene GUT Mitglied Franz-Ludwig Meyer beging man im Rahmen der Versammlung eine Schweigeminute. <\/p>\n\n\n\n<h4 class=\"wp-block-heading\">Die Gesamtliste im \u00dcberblick<\/h4>\n\n\n\n<figure class=\"wp-block-table is-style-stripes\"><table><thead><tr><th>Listenplatz<\/th><th>Name<\/th><\/tr><\/thead><tbody><tr><td>1<\/td><td>Sch\u00fctte, Michael<\/td><\/tr><tr><td>2<\/td><td>Jan\u00dfen, Philipp<\/td><\/tr><tr><td>3<\/td><td>Weber, Aleksander<\/td><\/tr><tr><td>4<\/td><td>Pokatilo, Ulrich<\/td><\/tr><tr><td>5<\/td><td>Furtmann, Edith<\/td><\/tr><tr><td>&#8211;<\/td><td><\/td><\/tr><tr><td>6<\/td><td>Brink, Axel<\/td><\/tr><tr><td>7<\/td><td>Ponten, Daniel<\/td><\/tr><tr><td>8<\/td><td>Derksen, Herbert<\/td><\/tr><tr><td>9<\/td><td>Seifert, J\u00f6rg Robert Oskar<\/td><\/tr><tr><td>10<\/td><td>Ru\u00df, Stefan<\/td><\/tr><tr><td>&#8211;<\/td><td><\/td><\/tr><tr><td>11<\/td><td>Heide, Silke<\/td><\/tr><tr><td>12<\/td><td>Ponten, Heinz-Theo<\/td><\/tr><tr><td>13<\/td><td>Sch\u00fctte, Vanessa<\/td><\/tr><tr><td>14<\/td><td>Juch, Barbara Ulrike<\/td><\/tr><tr><td>15<\/td><td>Furtmann, Klaus Alex Franz<\/td><\/tr><tr><td>&#8211;<\/td><td><\/td><\/tr><tr><td>16<\/td><td>Ponten, Anna Hediye<\/td><\/tr><tr><td>17<\/td><td>Derksen, Gisela<\/td><\/tr><tr><td>18<\/td><td>Weber, Stephanie<\/td><\/tr><tr><td>19<\/td><td>Ponten, Monika-Maria<\/td><\/tr><tr><td>20<\/td><td>Kuhlendahl, Susanne<\/td><\/tr><\/tbody><\/table><\/figure>\n\n\n\n<h4 class=\"wp-block-heading\">Die Wahlbezirke im \u00dcberblick<\/h4>\n\n\n\n<figure class=\"wp-block-table is-style-stripes\"><table><thead><tr><th>Wahlbezirk<\/th><th>Name<\/th><th>Stadtteil<\/th><\/tr><\/thead><tbody><tr><td>7010<\/td><td>Ru\u00df, Stefan<\/td><td>Sankt T\u00f6nis<\/td><\/tr><tr><td>7020<\/td><td>Furtmann, Klaus Alex Franz<\/td><td>Sankt T\u00f6nis<\/td><\/tr><tr><td>7030<\/td><td>Pokatilo, Ulrich<\/td><td>Sankt T\u00f6nis<\/td><\/tr><tr><td>7040<\/td><td>Kuhlendahl, Susanne<\/td><td>Sankt T\u00f6nis<\/td><\/tr><tr><td>7050<\/td><td>Brink, Axel<\/td><td>Sankt T\u00f6nis<\/td><\/tr><tr><td>&#8211;<\/td><td><\/td><td><\/td><\/tr><tr><td>7060<\/td><td>Seifert, J\u00f6rg Robert Oskar<\/td><td>Sankt T\u00f6nis<\/td><\/tr><tr><td>7070<\/td><td>Ponten, Daniel<\/td><td>Sankt T\u00f6nis<\/td><\/tr><tr><td>7080<\/td><td>Derksen, Gisela<\/td><td>Sankt T\u00f6nis<\/td><\/tr><tr><td>7090<\/td><td>Derksen, Herbert<\/td><td>Sankt T\u00f6nis<\/td><\/tr><tr><td>7100<\/td><td>Juch, Barbara Ulrike<\/td><td>Sankt T\u00f6nis<\/td><\/tr><tr><td>&#8211;<\/td><td><\/td><td><\/td><\/tr><tr><td>7110<\/td><td>Engler, Dirk<\/td><td>Sankt T\u00f6nis<\/td><\/tr><tr><td>7120<\/td><td>Furtmann, Edith<\/td><td>Sankt T\u00f6nis<\/td><\/tr><tr><td>7130<\/td><td>Ponten, Heinz-Theo<\/td><td>Sankt T\u00f6nis<\/td><\/tr><tr><td>7140<\/td><td>Weber, Aleksander<\/td><td>Sankt T\u00f6nis<\/td><\/tr><tr><td>7150<\/td><td>Jan\u00dfen, Philipp<\/td><td>Vorst<\/td><\/tr><tr><td>&#8211;<\/td><td><\/td><td><\/td><\/tr><tr><td>7160<\/td><td>Ponten, Anna Hediye<\/td><td>Vorst<\/td><\/tr><tr><td>7170<\/td><td>Sch\u00fctte, Michael<\/td><td>Vorst<\/td><\/tr><tr><td>7180<\/td><td>Sch\u00fctte, Vanessa<\/td><td>Vorst<\/td><\/tr><tr><td>7190<\/td><td>Weber, Stephanie<\/td><td>Vorst<\/td><\/tr><\/tbody><\/table><\/figure>\n","protected":false},"excerpt":{"rendered":"<p>Dabei stellte Jan\u00dfen kurz aber pr\u00e4gnant das Wahlprogramm vor, welches im Zeichen von Klimaschutz und Verbesserung der Mobilit\u00e4t steht. Eine zentrale Forderung der GUT ist dabei eine bessere Anbindung an den schienengebundenen Nahverkehr und die Verl\u00e4ngerung der Stra\u00dfenbahn nach Vorst. <\/p>\n","protected":false},"author":2,"featured_media":446,"comment_status":"closed","ping_status":"closed","sticky":false,"template":"","format":"standard","meta":{"footnotes":""},"categories":[40,1,29],"tags":[41,51,15,122,33,236,36,214,84,117,14,35,222,66,38,37,237,7,221,39,13,47,88],"class_list":["post-853","post","type-post","status-publish","format-standard","has-post-thumbnail","hentry","category-kommunalwahl-2020","category-neuigkeiten","category-videos","tag-aleksander-weber","tag-buergerbeteiligung","tag-buergermeisterkandidat","tag-buergerschaftliches-engagement","tag-daniel-ponten","tag-dirk-engler","tag-edith-furtmann","tag-franz-ludwig-meyer","tag-herbert-derksen","tag-klimaschutz","tag-kommunalwahl-2020","tag-michael-schuette","tag-mobilitaet","tag-oepnv","tag-philipp-janssen","tag-robert-seifert","tag-silke-heide","tag-stadtrat","tag-strassenbahn","tag-ulrich-pokatilo","tag-uwe-leuchtenberg","tag-vorst","tag-wahlprogramm"],"_links":{"self":[{"href":"https:\/\/gemeinschaft-unabhaengiger-toenisvorster.de\/index.php\/wp-json\/wp\/v2\/posts\/853","targetHints":{"allow":["GET"]}}],"collection":[{"href":"https:\/\/gemeinschaft-unabhaengiger-toenisvorster.de\/index.php\/wp-json\/wp\/v2\/posts"}],"about":[{"href":"https:\/\/gemeinschaft-unabhaengiger-toenisvorster.de\/index.php\/wp-json\/wp\/v2\/types\/post"}],"author":[{"embeddable":true,"href":"https:\/\/gemeinschaft-unabhaengiger-toenisvorster.de\/index.php\/wp-json\/wp\/v2\/users\/2"}],"replies":[{"embeddable":true,"href":"https:\/\/gemeinschaft-unabhaengiger-toenisvorster.de\/index.php\/wp-json\/wp\/v2\/comments?post=853"}],"version-history":[{"count":20,"href":"https:\/\/gemeinschaft-unabhaengiger-toenisvorster.de\/index.php\/wp-json\/wp\/v2\/posts\/853\/revisions"}],"predecessor-version":[{"id":898,"href":"https:\/\/gemeinschaft-unabhaengiger-toenisvorster.de\/index.php\/wp-json\/wp\/v2\/posts\/853\/revisions\/898"}],"wp:featuredmedia":[{"embeddable":true,"href":"https:\/\/gemeinschaft-unabhaengiger-toenisvorster.de\/index.php\/wp-json\/wp\/v2\/media\/446"}],"wp:attachment":[{"href":"https:\/\/gemeinschaft-unabhaengiger-toenisvorster.de\/index.php\/wp-json\/wp\/v2\/media?parent=853"}],"wp:term":[{"taxonomy":"category","embeddable":true,"href":"https:\/\/gemeinschaft-unabhaengiger-toenisvorster.de\/index.php\/wp-json\/wp\/v2\/categories?post=853"},{"taxonomy":"post_tag","embeddable":true,"href":"https:\/\/gemeinschaft-unabhaengiger-toenisvorster.de\/index.php\/wp-json\/wp\/v2\/tags?post=853"}],"curies":[{"name":"wp","href":"https:\/\/api.w.org\/{rel}","templated":true}]}}