{"id":728,"date":"2020-02-04T13:30:00","date_gmt":"2020-02-04T11:30:00","guid":{"rendered":"https:\/\/relaunch.gutfuertoenisvorst.de\/?p=728"},"modified":"2020-06-03T14:09:16","modified_gmt":"2020-06-03T12:09:16","slug":"antrag-gut-will-mehr-sicherheit-am-ueberweg-der-schluff-trasse","status":"publish","type":"post","link":"https:\/\/gemeinschaft-unabhaengiger-toenisvorster.de\/index.php\/2020\/02\/04\/antrag-gut-will-mehr-sicherheit-am-ueberweg-der-schluff-trasse\/","title":{"rendered":"Antrag: GUT will mehr Sicherheit am \u00dcberweg der Schluff-Trasse"},"content":{"rendered":"<div class=\"shariff shariff-align-left shariff-widget-align-left shariff-buttonstretch\" style=\"display:none\"><ul class=\"shariff-buttons theme-color orientation-horizontal buttonsize-small\"><li class=\"shariff-button mailto shariff-nocustomcolor\" style=\"background-color:#a8a8a8\"><a href=\"mailto:?body=https%3A%2F%2Fgemeinschaft-unabhaengiger-toenisvorster.de%2Findex.php%2F2020%2F02%2F04%2Fantrag-gut-will-mehr-sicherheit-am-ueberweg-der-schluff-trasse%2F&subject=Antrag%3A%20GUT%20will%20mehr%20Sicherheit%20am%20%C3%9Cberweg%20der%20Schluff-Trasse\" title=\"Per E-Mail versenden\" aria-label=\"Per E-Mail versenden\" role=\"button\" rel=\"noopener nofollow\" class=\"shariff-link\" style=\"; background-color:#999; color:#fff\"><span class=\"shariff-icon\" style=\"\"><svg width=\"32px\" height=\"20px\" xmlns=\"http:\/\/www.w3.org\/2000\/svg\" viewBox=\"0 0 32 32\"><path fill=\"#999\" d=\"M32 12.7v14.2q0 1.2-0.8 2t-2 0.9h-26.3q-1.2 0-2-0.9t-0.8-2v-14.2q0.8 0.9 1.8 1.6 6.5 4.4 8.9 6.1 1 0.8 1.6 1.2t1.7 0.9 2 0.4h0.1q0.9 0 2-0.4t1.7-0.9 1.6-1.2q3-2.2 8.9-6.1 1-0.7 1.8-1.6zM32 7.4q0 1.4-0.9 2.7t-2.2 2.2q-6.7 4.7-8.4 5.8-0.2 0.1-0.7 0.5t-1 0.7-0.9 0.6-1.1 0.5-0.9 0.2h-0.1q-0.4 0-0.9-0.2t-1.1-0.5-0.9-0.6-1-0.7-0.7-0.5q-1.6-1.1-4.7-3.2t-3.6-2.6q-1.1-0.7-2.1-2t-1-2.5q0-1.4 0.7-2.3t2.1-0.9h26.3q1.2 0 2 0.8t0.9 2z\"\/><\/svg><\/span><span class=\"shariff-text\">E-Mail<\/span>&nbsp;<\/a><\/li><li class=\"shariff-button printer shariff-nocustomcolor\" style=\"background-color:#a8a8a8\"><a href=\"javascript:window.print()\" title=\"drucken\" aria-label=\"drucken\" role=\"button\" rel=\"noopener nofollow\" class=\"shariff-link\" style=\"; background-color:#999; color:#fff\"><span class=\"shariff-icon\" style=\"\"><svg width=\"32px\" height=\"20px\" xmlns=\"http:\/\/www.w3.org\/2000\/svg\" viewBox=\"0 0 30 32\"><path fill=\"#999\" d=\"M6.8 27.4h16v-4.6h-16v4.6zM6.8 16h16v-6.8h-2.8q-0.7 0-1.2-0.5t-0.5-1.2v-2.8h-11.4v11.4zM27.4 17.2q0-0.5-0.3-0.8t-0.8-0.4-0.8 0.4-0.3 0.8 0.3 0.8 0.8 0.3 0.8-0.3 0.3-0.8zM29.7 17.2v7.4q0 0.2-0.2 0.4t-0.4 0.2h-4v2.8q0 0.7-0.5 1.2t-1.2 0.5h-17.2q-0.7 0-1.2-0.5t-0.5-1.2v-2.8h-4q-0.2 0-0.4-0.2t-0.2-0.4v-7.4q0-1.4 1-2.4t2.4-1h1.2v-9.7q0-0.7 0.5-1.2t1.2-0.5h12q0.7 0 1.6 0.4t1.3 0.8l2.7 2.7q0.5 0.5 0.9 1.4t0.4 1.6v4.6h1.1q1.4 0 2.4 1t1 2.4z\"\/><\/svg><\/span><span class=\"shariff-text\">drucken<\/span>&nbsp;<\/a><\/li><li class=\"shariff-button facebook shariff-nocustomcolor\" style=\"background-color:#4273c8\"><a href=\"https:\/\/www.facebook.com\/sharer\/sharer.php?u=https%3A%2F%2Fgemeinschaft-unabhaengiger-toenisvorster.de%2Findex.php%2F2020%2F02%2F04%2Fantrag-gut-will-mehr-sicherheit-am-ueberweg-der-schluff-trasse%2F\" title=\"Bei Facebook teilen\" aria-label=\"Bei Facebook teilen\" role=\"button\" rel=\"nofollow\" class=\"shariff-link\" style=\"; background-color:#3b5998; color:#fff\" target=\"_blank\"><span class=\"shariff-icon\" style=\"\"><svg width=\"32px\" height=\"20px\" xmlns=\"http:\/\/www.w3.org\/2000\/svg\" viewBox=\"0 0 18 32\"><path fill=\"#3b5998\" d=\"M17.1 0.2v4.7h-2.8q-1.5 0-2.1 0.6t-0.5 1.9v3.4h5.2l-0.7 5.3h-4.5v13.6h-5.5v-13.6h-4.5v-5.3h4.5v-3.9q0-3.3 1.9-5.2t5-1.8q2.6 0 4.1 0.2z\"\/><\/svg><\/span><span class=\"shariff-text\">teilen<\/span>&nbsp;<\/a><\/li><li class=\"shariff-button twitter shariff-nocustomcolor\" style=\"background-color:#595959\"><a href=\"https:\/\/twitter.com\/share?url=https%3A%2F%2Fgemeinschaft-unabhaengiger-toenisvorster.de%2Findex.php%2F2020%2F02%2F04%2Fantrag-gut-will-mehr-sicherheit-am-ueberweg-der-schluff-trasse%2F&text=Antrag%3A%20GUT%20will%20mehr%20Sicherheit%20am%20%C3%9Cberweg%20der%20Schluff-Trasse\" title=\"Bei X teilen\" aria-label=\"Bei X teilen\" role=\"button\" rel=\"noopener nofollow\" class=\"shariff-link\" style=\"; background-color:#000; color:#fff\" target=\"_blank\"><span class=\"shariff-icon\" style=\"\"><svg width=\"32px\" height=\"20px\" xmlns=\"http:\/\/www.w3.org\/2000\/svg\" viewBox=\"0 0 24 24\"><path fill=\"#000\" d=\"M14.258 10.152L23.176 0h-2.113l-7.747 8.813L7.133 0H0l9.352 13.328L0 23.973h2.113l8.176-9.309 6.531 9.309h7.133zm-2.895 3.293l-.949-1.328L2.875 1.56h3.246l6.086 8.523.945 1.328 7.91 11.078h-3.246zm0 0\"\/><\/svg><\/span><span class=\"shariff-text\">teilen<\/span>&nbsp;<\/a><\/li><li class=\"shariff-button whatsapp shariff-nocustomcolor\" style=\"background-color:#5cbe4a\"><a href=\"https:\/\/api.whatsapp.com\/send?text=https%3A%2F%2Fgemeinschaft-unabhaengiger-toenisvorster.de%2Findex.php%2F2020%2F02%2F04%2Fantrag-gut-will-mehr-sicherheit-am-ueberweg-der-schluff-trasse%2F%20Antrag%3A%20GUT%20will%20mehr%20Sicherheit%20am%20%C3%9Cberweg%20der%20Schluff-Trasse\" title=\"Bei Whatsapp teilen\" aria-label=\"Bei Whatsapp teilen\" role=\"button\" rel=\"noopener nofollow\" class=\"shariff-link\" style=\"; background-color:#34af23; color:#fff\" target=\"_blank\"><span class=\"shariff-icon\" style=\"\"><svg width=\"32px\" height=\"20px\" xmlns=\"http:\/\/www.w3.org\/2000\/svg\" viewBox=\"0 0 32 32\"><path fill=\"#34af23\" d=\"M17.6 17.4q0.2 0 1.7 0.8t1.6 0.9q0 0.1 0 0.3 0 0.6-0.3 1.4-0.3 0.7-1.3 1.2t-1.8 0.5q-1 0-3.4-1.1-1.7-0.8-3-2.1t-2.6-3.3q-1.3-1.9-1.3-3.5v-0.1q0.1-1.6 1.3-2.8 0.4-0.4 0.9-0.4 0.1 0 0.3 0t0.3 0q0.3 0 0.5 0.1t0.3 0.5q0.1 0.4 0.6 1.6t0.4 1.3q0 0.4-0.6 1t-0.6 0.8q0 0.1 0.1 0.3 0.6 1.3 1.8 2.4 1 0.9 2.7 1.8 0.2 0.1 0.4 0.1 0.3 0 1-0.9t0.9-0.9zM14 26.9q2.3 0 4.3-0.9t3.6-2.4 2.4-3.6 0.9-4.3-0.9-4.3-2.4-3.6-3.6-2.4-4.3-0.9-4.3 0.9-3.6 2.4-2.4 3.6-0.9 4.3q0 3.6 2.1 6.6l-1.4 4.2 4.3-1.4q2.8 1.9 6.2 1.9zM14 2.2q2.7 0 5.2 1.1t4.3 2.9 2.9 4.3 1.1 5.2-1.1 5.2-2.9 4.3-4.3 2.9-5.2 1.1q-3.5 0-6.5-1.7l-7.4 2.4 2.4-7.2q-1.9-3.2-1.9-6.9 0-2.7 1.1-5.2t2.9-4.3 4.3-2.9 5.2-1.1z\"\/><\/svg><\/span><span class=\"shariff-text\">teilen<\/span>&nbsp;<\/a><\/li><li class=\"shariff-button telegram shariff-nocustomcolor\" style=\"background-color:#4084A6\"><a href=\"https:\/\/telegram.me\/share\/url?url=https%3A%2F%2Fgemeinschaft-unabhaengiger-toenisvorster.de%2Findex.php%2F2020%2F02%2F04%2Fantrag-gut-will-mehr-sicherheit-am-ueberweg-der-schluff-trasse%2F&text=Antrag%3A%20GUT%20will%20mehr%20Sicherheit%20am%20%C3%9Cberweg%20der%20Schluff-Trasse\" title=\"Bei Telegram teilen\" aria-label=\"Bei Telegram teilen\" role=\"button\" rel=\"noopener nofollow\" class=\"shariff-link\" style=\"; background-color:#0088cc; color:#fff\" target=\"_blank\"><span class=\"shariff-icon\" style=\"\"><svg width=\"32px\" height=\"20px\" xmlns=\"http:\/\/www.w3.org\/2000\/svg\" viewBox=\"0 0 32 32\"><path fill=\"#0088cc\" d=\"M30.8 6.5l-4.5 21.4c-.3 1.5-1.2 1.9-2.5 1.2L16.9 24l-3.3 3.2c-.4.4-.7.7-1.4.7l.5-7L25.5 9.2c.6-.5-.1-.8-.9-.3l-15.8 10L2 16.7c-1.5-.5-1.5-1.5.3-2.2L28.9 4.3c1.3-.5 2.3.3 1.9 2.2z\"\/><\/svg><\/span><span class=\"shariff-text\">teilen<\/span>&nbsp;<\/a><\/li><li class=\"shariff-button threema shariff-nocustomcolor shariff-mobile\" style=\"background-color:#4fbc24\"><a href=\"threema:\/\/compose?text=Antrag%3A%20GUT%20will%20mehr%20Sicherheit%20am%20%C3%9Cberweg%20der%20Schluff-Trasse%20https%3A%2F%2Fgemeinschaft-unabhaengiger-toenisvorster.de%2Findex.php%2F2020%2F02%2F04%2Fantrag-gut-will-mehr-sicherheit-am-ueberweg-der-schluff-trasse%2F\" title=\"Bei Threema teilen\" aria-label=\"Bei Threema teilen\" role=\"button\" rel=\"noopener nofollow\" class=\"shariff-link\" style=\"; background-color:#1f1f1f; color:#fff\" target=\"_blank\"><span class=\"shariff-icon\" style=\"\"><svg width=\"32px\" height=\"20px\" xmlns=\"http:\/\/www.w3.org\/2000\/svg\" viewBox=\"0 0 32 32\"><path fill=\"#1f1f1f\" d=\"M30.8 10.9c-0.3-1.4-0.9-2.6-1.8-3.8-2-2.6-5.5-4.5-9.4-5.2-1.3-0.2-1.9-0.3-3.5-0.3s-2.2 0-3.5 0.3c-4 0.7-7.4 2.6-9.4 5.2-0.9 1.2-1.5 2.4-1.8 3.8-0.1 0.5-0.2 1.2-0.2 1.6 0 0.4 0.1 1.1 0.2 1.6 0.4 1.9 1.3 3.4 2.9 5 0.8 0.8 0.8 0.8 0.7 1.3 0 0.6-0.5 1.6-1.7 3.6-0.3 0.5-0.5 0.9-0.5 0.9 0 0.1 0.1 0.1 0.5 0 0.8-0.2 2.3-0.6 5.6-1.6 1.1-0.3 1.3-0.4 2.3-0.4 0.8 0 1.1 0 2.3 0.2 1.5 0.2 3.5 0.2 4.9 0 5.1-0.6 9.3-2.9 11.4-6.3 0.5-0.9 0.9-1.8 1.1-2.8 0.1-0.5 0.2-1.1 0.2-1.6 0-0.7-0.1-1.1-0.2-1.6-0.3-1.4 0.1 0.5 0 0zM20.6 17.3c0 0.4-0.4 0.8-0.8 0.8h-7.7c-0.4 0-0.8-0.4-0.8-0.8v-4.6c0-0.4 0.4-0.8 0.8-0.8h0.2l0-1.6c0-0.9 0-1.8 0.1-2 0.1-0.6 0.6-1.2 1.1-1.7s1.1-0.7 1.9-0.8c1.8-0.3 3.7 0.7 4.2 2.2 0.1 0.3 0.1 0.7 0.1 2.1v0 1.7h0.1c0.4 0 0.8 0.4 0.8 0.8v4.6zM15.6 7.3c-0.5 0.1-0.8 0.3-1.2 0.6s-0.6 0.8-0.7 1.3c0 0.2 0 0.8 0 1.5l0 1.2h4.6v-1.3c0-1 0-1.4-0.1-1.6-0.3-1.1-1.5-1.9-2.6-1.7zM25.8 28.2c0 1.2-1 2.2-2.1 2.2s-2.1-1-2.1-2.1c0-1.2 1-2.1 2.2-2.1s2.2 1 2.2 2.2zM18.1 28.2c0 1.2-1 2.2-2.1 2.2s-2.1-1-2.1-2.1c0-1.2 1-2.1 2.2-2.1s2.2 1 2.2 2.2zM10.4 28.2c0 1.2-1 2.2-2.1 2.2s-2.1-1-2.1-2.1c0-1.2 1-2.1 2.2-2.1s2.2 1 2.2 2.2z\"\/><\/svg><\/span><span class=\"shariff-text\">teilen<\/span>&nbsp;<\/a><\/li><li class=\"shariff-button info shariff-nocustomcolor\" style=\"background-color:#a8a8a8\"><a href=\"http:\/\/ct.de\/-2467514\" title=\"Weitere Informationen\" aria-label=\"Weitere Informationen\" role=\"button\" rel=\"noopener \" class=\"shariff-link\" style=\"; background-color:#999; color:#fff\" target=\"_blank\"><span class=\"shariff-icon\" style=\"\"><svg width=\"32px\" height=\"20px\" xmlns=\"http:\/\/www.w3.org\/2000\/svg\" viewBox=\"0 0 11 32\"><path fill=\"#999\" d=\"M11.4 24v2.3q0 0.5-0.3 0.8t-0.8 0.4h-9.1q-0.5 0-0.8-0.4t-0.4-0.8v-2.3q0-0.5 0.4-0.8t0.8-0.4h1.1v-6.8h-1.1q-0.5 0-0.8-0.4t-0.4-0.8v-2.3q0-0.5 0.4-0.8t0.8-0.4h6.8q0.5 0 0.8 0.4t0.4 0.8v10.3h1.1q0.5 0 0.8 0.4t0.3 0.8zM9.2 3.4v3.4q0 0.5-0.4 0.8t-0.8 0.4h-4.6q-0.4 0-0.8-0.4t-0.4-0.8v-3.4q0-0.4 0.4-0.8t0.8-0.4h4.6q0.5 0 0.8 0.4t0.4 0.8z\"\/><\/svg><\/span><\/a><\/li><\/ul><\/div>\n<h4 class=\"wp-block-heading\"><a href=\"https:\/\/rp-online.de\/nrw\/staedte\/toenisvorst\/gut-will-mehr-sicherheit-am-ueberweg-der-schluff-trasse-in-vorst_aid-48684583\" target=\"_blank\" rel=\"noreferrer noopener\">Rheinische Post<\/a> am 03.02.2020<\/h4>\n\n\n\n<blockquote class=\"wp-block-quote is-style-default is-layout-flow wp-block-quote-is-layout-flow\"><p>GUT-Fraktionssprecher Michael Sch\u00fctte erl\u00e4utert: \u201eIn den vergangenen Jahren hat es mehrere und sehr schwere Unf\u00e4lle im Bereich der Ortseinfahrt nach Vorst gegeben. Dabei wurden Menschen schwer verletzt und get\u00f6tet. \u201d Die Forderungen der GUT umfassen daher die Verlegung der Beschilderung f\u00fcr \u201egeschlossene Ortschaft\u201c in H\u00f6he Einfahrt Haus Raedt. Zudem soll eine Beleuchtung der Fahrbahn und beider Fahrbahnseiten (Gehweg\/Radweg) in H\u00f6he der Querungshilfe eine deutliche Aufmerksamkeit der Autofahrer auf sich ziehen. [&#8230;]<\/p><cite>Emily Senf f\u00fcr die Rheinische Post, 03.02.2020<\/cite><\/blockquote>\n\n\n\n<p style=\"background-color:#0071a1\" class=\"has-text-color has-background has-small-font-size has-white-color\"><strong>Hinweis: <\/strong>Berichte und Zitate geben nicht zwangsl\u00e4ufig unsere Meinung oder unseren Kenntnisstand wieder, sondern sind &#8211; unter Umst\u00e4nden verk\u00fcrzte \u2013 Drittinhalte der jeweiligen Quelle. Inhaltliche und redaktionelle R\u00fcckfragen dazu sind an den jeweiligen Urheber (d\/m\/w) zu richten.<\/p>\n","protected":false},"excerpt":{"rendered":"<p>Rheinische Post am 03.02.2020 GUT-Fraktionssprecher Michael Sch\u00fctte erl\u00e4utert: \u201eIn den vergangenen Jahren hat es mehrere und sehr schwere Unf\u00e4lle im Bereich der Ortseinfahrt nach Vorst gegeben. Dabei wurden Menschen schwer verletzt und get\u00f6tet. \u201d Die[&#8230;]<\/p>\n","protected":false},"author":3,"featured_media":720,"comment_status":"closed","ping_status":"closed","sticky":false,"template":"","format":"standard","meta":{"footnotes":""},"categories":[40,5],"tags":[61,97,73,55,144,124,85,32,72,71,76,64,108,47,99,185],"class_list":["post-728","post","type-post","status-publish","format-standard","has-post-thumbnail","hentry","category-kommunalwahl-2020","category-presseberichte","tag-bevu","tag-fussgaenger","tag-grundschule","tag-herrenhaeuser","tag-kempener-strasse","tag-kinder","tag-radfahren","tag-rheinische-post","tag-schule","tag-schulwegeplan","tag-senioren","tag-verkehr","tag-verkehrssicherheit","tag-vorst","tag-vorst-nord","tag-walter-lehnen-strasse"],"_links":{"self":[{"href":"https:\/\/gemeinschaft-unabhaengiger-toenisvorster.de\/index.php\/wp-json\/wp\/v2\/posts\/728","targetHints":{"allow":["GET"]}}],"collection":[{"href":"https:\/\/gemeinschaft-unabhaengiger-toenisvorster.de\/index.php\/wp-json\/wp\/v2\/posts"}],"about":[{"href":"https:\/\/gemeinschaft-unabhaengiger-toenisvorster.de\/index.php\/wp-json\/wp\/v2\/types\/post"}],"author":[{"embeddable":true,"href":"https:\/\/gemeinschaft-unabhaengiger-toenisvorster.de\/index.php\/wp-json\/wp\/v2\/users\/3"}],"replies":[{"embeddable":true,"href":"https:\/\/gemeinschaft-unabhaengiger-toenisvorster.de\/index.php\/wp-json\/wp\/v2\/comments?post=728"}],"version-history":[{"count":2,"href":"https:\/\/gemeinschaft-unabhaengiger-toenisvorster.de\/index.php\/wp-json\/wp\/v2\/posts\/728\/revisions"}],"predecessor-version":[{"id":821,"href":"https:\/\/gemeinschaft-unabhaengiger-toenisvorster.de\/index.php\/wp-json\/wp\/v2\/posts\/728\/revisions\/821"}],"wp:featuredmedia":[{"embeddable":true,"href":"https:\/\/gemeinschaft-unabhaengiger-toenisvorster.de\/index.php\/wp-json\/wp\/v2\/media\/720"}],"wp:attachment":[{"href":"https:\/\/gemeinschaft-unabhaengiger-toenisvorster.de\/index.php\/wp-json\/wp\/v2\/media?parent=728"}],"wp:term":[{"taxonomy":"category","embeddable":true,"href":"https:\/\/gemeinschaft-unabhaengiger-toenisvorster.de\/index.php\/wp-json\/wp\/v2\/categories?post=728"},{"taxonomy":"post_tag","embeddable":true,"href":"https:\/\/gemeinschaft-unabhaengiger-toenisvorster.de\/index.php\/wp-json\/wp\/v2\/tags?post=728"}],"curies":[{"name":"wp","href":"https:\/\/api.w.org\/{rel}","templated":true}]}}