{"id":2652,"date":"2025-07-19T20:00:00","date_gmt":"2025-07-19T18:00:00","guid":{"rendered":"https:\/\/gemeinschaft-unabhaengiger-toenisvorster.de\/?p=2652"},"modified":"2025-07-19T14:59:48","modified_gmt":"2025-07-19T12:59:48","slug":"gut-fraktion-fordert-nachhaltige-schulraumentwicklung-in-toenisvorst-keine-dauerhaften-containerloesungen-an-weiterfuehrenden-schulen","status":"publish","type":"post","link":"https:\/\/gemeinschaft-unabhaengiger-toenisvorster.de\/index.php\/2025\/07\/19\/gut-fraktion-fordert-nachhaltige-schulraumentwicklung-in-toenisvorst-keine-dauerhaften-containerloesungen-an-weiterfuehrenden-schulen\/","title":{"rendered":"GUT-Fraktion fordert nachhaltige Schulraumentwicklung in T\u00f6nisvorst: Keine dauerhaften Containerl\u00f6sungen an weiterf\u00fchrenden Schulen"},"content":{"rendered":"<div class=\"shariff shariff-align-left shariff-widget-align-left shariff-buttonstretch\" style=\"display:none\"><ul class=\"shariff-buttons theme-color orientation-horizontal buttonsize-small\"><li class=\"shariff-button mailto shariff-nocustomcolor\" style=\"background-color:#a8a8a8\"><a href=\"mailto:?body=https%3A%2F%2Fgemeinschaft-unabhaengiger-toenisvorster.de%2Findex.php%2F2025%2F07%2F19%2Fgut-fraktion-fordert-nachhaltige-schulraumentwicklung-in-toenisvorst-keine-dauerhaften-containerloesungen-an-weiterfuehrenden-schulen%2F&subject=GUT-Fraktion%20fordert%20nachhaltige%20Schulraumentwicklung%20in%20T%C3%B6nisvorst%3A%20Keine%20dauerhaften%20Containerl%C3%B6sungen%20an%20weiterf%C3%BChrenden%20Schulen\" title=\"Per E-Mail versenden\" aria-label=\"Per E-Mail versenden\" role=\"button\" rel=\"noopener nofollow\" class=\"shariff-link\" style=\"; background-color:#999; color:#fff\"><span class=\"shariff-icon\" style=\"\"><svg width=\"32px\" height=\"20px\" xmlns=\"http:\/\/www.w3.org\/2000\/svg\" viewBox=\"0 0 32 32\"><path fill=\"#999\" d=\"M32 12.7v14.2q0 1.2-0.8 2t-2 0.9h-26.3q-1.2 0-2-0.9t-0.8-2v-14.2q0.8 0.9 1.8 1.6 6.5 4.4 8.9 6.1 1 0.8 1.6 1.2t1.7 0.9 2 0.4h0.1q0.9 0 2-0.4t1.7-0.9 1.6-1.2q3-2.2 8.9-6.1 1-0.7 1.8-1.6zM32 7.4q0 1.4-0.9 2.7t-2.2 2.2q-6.7 4.7-8.4 5.8-0.2 0.1-0.7 0.5t-1 0.7-0.9 0.6-1.1 0.5-0.9 0.2h-0.1q-0.4 0-0.9-0.2t-1.1-0.5-0.9-0.6-1-0.7-0.7-0.5q-1.6-1.1-4.7-3.2t-3.6-2.6q-1.1-0.7-2.1-2t-1-2.5q0-1.4 0.7-2.3t2.1-0.9h26.3q1.2 0 2 0.8t0.9 2z\"\/><\/svg><\/span><span class=\"shariff-text\">E-Mail<\/span>&nbsp;<\/a><\/li><li class=\"shariff-button printer shariff-nocustomcolor\" style=\"background-color:#a8a8a8\"><a href=\"javascript:window.print()\" title=\"drucken\" aria-label=\"drucken\" role=\"button\" rel=\"noopener nofollow\" class=\"shariff-link\" style=\"; background-color:#999; color:#fff\"><span class=\"shariff-icon\" style=\"\"><svg width=\"32px\" height=\"20px\" xmlns=\"http:\/\/www.w3.org\/2000\/svg\" viewBox=\"0 0 30 32\"><path fill=\"#999\" d=\"M6.8 27.4h16v-4.6h-16v4.6zM6.8 16h16v-6.8h-2.8q-0.7 0-1.2-0.5t-0.5-1.2v-2.8h-11.4v11.4zM27.4 17.2q0-0.5-0.3-0.8t-0.8-0.4-0.8 0.4-0.3 0.8 0.3 0.8 0.8 0.3 0.8-0.3 0.3-0.8zM29.7 17.2v7.4q0 0.2-0.2 0.4t-0.4 0.2h-4v2.8q0 0.7-0.5 1.2t-1.2 0.5h-17.2q-0.7 0-1.2-0.5t-0.5-1.2v-2.8h-4q-0.2 0-0.4-0.2t-0.2-0.4v-7.4q0-1.4 1-2.4t2.4-1h1.2v-9.7q0-0.7 0.5-1.2t1.2-0.5h12q0.7 0 1.6 0.4t1.3 0.8l2.7 2.7q0.5 0.5 0.9 1.4t0.4 1.6v4.6h1.1q1.4 0 2.4 1t1 2.4z\"\/><\/svg><\/span><span class=\"shariff-text\">drucken<\/span>&nbsp;<\/a><\/li><li class=\"shariff-button facebook shariff-nocustomcolor\" style=\"background-color:#4273c8\"><a href=\"https:\/\/www.facebook.com\/sharer\/sharer.php?u=https%3A%2F%2Fgemeinschaft-unabhaengiger-toenisvorster.de%2Findex.php%2F2025%2F07%2F19%2Fgut-fraktion-fordert-nachhaltige-schulraumentwicklung-in-toenisvorst-keine-dauerhaften-containerloesungen-an-weiterfuehrenden-schulen%2F\" title=\"Bei Facebook teilen\" aria-label=\"Bei Facebook teilen\" role=\"button\" rel=\"nofollow\" class=\"shariff-link\" style=\"; background-color:#3b5998; color:#fff\" target=\"_blank\"><span class=\"shariff-icon\" style=\"\"><svg width=\"32px\" height=\"20px\" xmlns=\"http:\/\/www.w3.org\/2000\/svg\" viewBox=\"0 0 18 32\"><path fill=\"#3b5998\" d=\"M17.1 0.2v4.7h-2.8q-1.5 0-2.1 0.6t-0.5 1.9v3.4h5.2l-0.7 5.3h-4.5v13.6h-5.5v-13.6h-4.5v-5.3h4.5v-3.9q0-3.3 1.9-5.2t5-1.8q2.6 0 4.1 0.2z\"\/><\/svg><\/span><span class=\"shariff-text\">teilen<\/span>&nbsp;<\/a><\/li><li class=\"shariff-button twitter shariff-nocustomcolor\" style=\"background-color:#595959\"><a href=\"https:\/\/twitter.com\/share?url=https%3A%2F%2Fgemeinschaft-unabhaengiger-toenisvorster.de%2Findex.php%2F2025%2F07%2F19%2Fgut-fraktion-fordert-nachhaltige-schulraumentwicklung-in-toenisvorst-keine-dauerhaften-containerloesungen-an-weiterfuehrenden-schulen%2F&text=GUT-Fraktion%20fordert%20nachhaltige%20Schulraumentwicklung%20in%20T%C3%B6nisvorst%3A%20Keine%20dauerhaften%20Containerl%C3%B6sungen%20an%20weiterf%C3%BChrenden%20Schulen\" title=\"Bei X teilen\" aria-label=\"Bei X teilen\" role=\"button\" rel=\"noopener nofollow\" class=\"shariff-link\" style=\"; background-color:#000; color:#fff\" target=\"_blank\"><span class=\"shariff-icon\" style=\"\"><svg width=\"32px\" height=\"20px\" xmlns=\"http:\/\/www.w3.org\/2000\/svg\" viewBox=\"0 0 24 24\"><path fill=\"#000\" d=\"M14.258 10.152L23.176 0h-2.113l-7.747 8.813L7.133 0H0l9.352 13.328L0 23.973h2.113l8.176-9.309 6.531 9.309h7.133zm-2.895 3.293l-.949-1.328L2.875 1.56h3.246l6.086 8.523.945 1.328 7.91 11.078h-3.246zm0 0\"\/><\/svg><\/span><span class=\"shariff-text\">teilen<\/span>&nbsp;<\/a><\/li><li class=\"shariff-button whatsapp shariff-nocustomcolor\" style=\"background-color:#5cbe4a\"><a href=\"https:\/\/api.whatsapp.com\/send?text=https%3A%2F%2Fgemeinschaft-unabhaengiger-toenisvorster.de%2Findex.php%2F2025%2F07%2F19%2Fgut-fraktion-fordert-nachhaltige-schulraumentwicklung-in-toenisvorst-keine-dauerhaften-containerloesungen-an-weiterfuehrenden-schulen%2F%20GUT-Fraktion%20fordert%20nachhaltige%20Schulraumentwicklung%20in%20T%C3%B6nisvorst%3A%20Keine%20dauerhaften%20Containerl%C3%B6sungen%20an%20weiterf%C3%BChrenden%20Schulen\" title=\"Bei Whatsapp teilen\" aria-label=\"Bei Whatsapp teilen\" role=\"button\" rel=\"noopener nofollow\" class=\"shariff-link\" style=\"; background-color:#34af23; color:#fff\" target=\"_blank\"><span class=\"shariff-icon\" style=\"\"><svg width=\"32px\" height=\"20px\" xmlns=\"http:\/\/www.w3.org\/2000\/svg\" viewBox=\"0 0 32 32\"><path fill=\"#34af23\" d=\"M17.6 17.4q0.2 0 1.7 0.8t1.6 0.9q0 0.1 0 0.3 0 0.6-0.3 1.4-0.3 0.7-1.3 1.2t-1.8 0.5q-1 0-3.4-1.1-1.7-0.8-3-2.1t-2.6-3.3q-1.3-1.9-1.3-3.5v-0.1q0.1-1.6 1.3-2.8 0.4-0.4 0.9-0.4 0.1 0 0.3 0t0.3 0q0.3 0 0.5 0.1t0.3 0.5q0.1 0.4 0.6 1.6t0.4 1.3q0 0.4-0.6 1t-0.6 0.8q0 0.1 0.1 0.3 0.6 1.3 1.8 2.4 1 0.9 2.7 1.8 0.2 0.1 0.4 0.1 0.3 0 1-0.9t0.9-0.9zM14 26.9q2.3 0 4.3-0.9t3.6-2.4 2.4-3.6 0.9-4.3-0.9-4.3-2.4-3.6-3.6-2.4-4.3-0.9-4.3 0.9-3.6 2.4-2.4 3.6-0.9 4.3q0 3.6 2.1 6.6l-1.4 4.2 4.3-1.4q2.8 1.9 6.2 1.9zM14 2.2q2.7 0 5.2 1.1t4.3 2.9 2.9 4.3 1.1 5.2-1.1 5.2-2.9 4.3-4.3 2.9-5.2 1.1q-3.5 0-6.5-1.7l-7.4 2.4 2.4-7.2q-1.9-3.2-1.9-6.9 0-2.7 1.1-5.2t2.9-4.3 4.3-2.9 5.2-1.1z\"\/><\/svg><\/span><span class=\"shariff-text\">teilen<\/span>&nbsp;<\/a><\/li><li class=\"shariff-button telegram shariff-nocustomcolor\" style=\"background-color:#4084A6\"><a href=\"https:\/\/telegram.me\/share\/url?url=https%3A%2F%2Fgemeinschaft-unabhaengiger-toenisvorster.de%2Findex.php%2F2025%2F07%2F19%2Fgut-fraktion-fordert-nachhaltige-schulraumentwicklung-in-toenisvorst-keine-dauerhaften-containerloesungen-an-weiterfuehrenden-schulen%2F&text=GUT-Fraktion%20fordert%20nachhaltige%20Schulraumentwicklung%20in%20T%C3%B6nisvorst%3A%20Keine%20dauerhaften%20Containerl%C3%B6sungen%20an%20weiterf%C3%BChrenden%20Schulen\" title=\"Bei Telegram teilen\" aria-label=\"Bei Telegram teilen\" role=\"button\" rel=\"noopener nofollow\" class=\"shariff-link\" style=\"; background-color:#0088cc; color:#fff\" target=\"_blank\"><span class=\"shariff-icon\" style=\"\"><svg width=\"32px\" height=\"20px\" xmlns=\"http:\/\/www.w3.org\/2000\/svg\" viewBox=\"0 0 32 32\"><path fill=\"#0088cc\" d=\"M30.8 6.5l-4.5 21.4c-.3 1.5-1.2 1.9-2.5 1.2L16.9 24l-3.3 3.2c-.4.4-.7.7-1.4.7l.5-7L25.5 9.2c.6-.5-.1-.8-.9-.3l-15.8 10L2 16.7c-1.5-.5-1.5-1.5.3-2.2L28.9 4.3c1.3-.5 2.3.3 1.9 2.2z\"\/><\/svg><\/span><span class=\"shariff-text\">teilen<\/span>&nbsp;<\/a><\/li><li class=\"shariff-button threema shariff-nocustomcolor shariff-mobile\" style=\"background-color:#4fbc24\"><a href=\"threema:\/\/compose?text=GUT-Fraktion%20fordert%20nachhaltige%20Schulraumentwicklung%20in%20T%C3%B6nisvorst%3A%20Keine%20dauerhaften%20Containerl%C3%B6sungen%20an%20weiterf%C3%BChrenden%20Schulen%20https%3A%2F%2Fgemeinschaft-unabhaengiger-toenisvorster.de%2Findex.php%2F2025%2F07%2F19%2Fgut-fraktion-fordert-nachhaltige-schulraumentwicklung-in-toenisvorst-keine-dauerhaften-containerloesungen-an-weiterfuehrenden-schulen%2F\" title=\"Bei Threema teilen\" aria-label=\"Bei Threema teilen\" role=\"button\" rel=\"noopener nofollow\" class=\"shariff-link\" style=\"; background-color:#1f1f1f; color:#fff\" target=\"_blank\"><span class=\"shariff-icon\" style=\"\"><svg width=\"32px\" height=\"20px\" xmlns=\"http:\/\/www.w3.org\/2000\/svg\" viewBox=\"0 0 32 32\"><path fill=\"#1f1f1f\" d=\"M30.8 10.9c-0.3-1.4-0.9-2.6-1.8-3.8-2-2.6-5.5-4.5-9.4-5.2-1.3-0.2-1.9-0.3-3.5-0.3s-2.2 0-3.5 0.3c-4 0.7-7.4 2.6-9.4 5.2-0.9 1.2-1.5 2.4-1.8 3.8-0.1 0.5-0.2 1.2-0.2 1.6 0 0.4 0.1 1.1 0.2 1.6 0.4 1.9 1.3 3.4 2.9 5 0.8 0.8 0.8 0.8 0.7 1.3 0 0.6-0.5 1.6-1.7 3.6-0.3 0.5-0.5 0.9-0.5 0.9 0 0.1 0.1 0.1 0.5 0 0.8-0.2 2.3-0.6 5.6-1.6 1.1-0.3 1.3-0.4 2.3-0.4 0.8 0 1.1 0 2.3 0.2 1.5 0.2 3.5 0.2 4.9 0 5.1-0.6 9.3-2.9 11.4-6.3 0.5-0.9 0.9-1.8 1.1-2.8 0.1-0.5 0.2-1.1 0.2-1.6 0-0.7-0.1-1.1-0.2-1.6-0.3-1.4 0.1 0.5 0 0zM20.6 17.3c0 0.4-0.4 0.8-0.8 0.8h-7.7c-0.4 0-0.8-0.4-0.8-0.8v-4.6c0-0.4 0.4-0.8 0.8-0.8h0.2l0-1.6c0-0.9 0-1.8 0.1-2 0.1-0.6 0.6-1.2 1.1-1.7s1.1-0.7 1.9-0.8c1.8-0.3 3.7 0.7 4.2 2.2 0.1 0.3 0.1 0.7 0.1 2.1v0 1.7h0.1c0.4 0 0.8 0.4 0.8 0.8v4.6zM15.6 7.3c-0.5 0.1-0.8 0.3-1.2 0.6s-0.6 0.8-0.7 1.3c0 0.2 0 0.8 0 1.5l0 1.2h4.6v-1.3c0-1 0-1.4-0.1-1.6-0.3-1.1-1.5-1.9-2.6-1.7zM25.8 28.2c0 1.2-1 2.2-2.1 2.2s-2.1-1-2.1-2.1c0-1.2 1-2.1 2.2-2.1s2.2 1 2.2 2.2zM18.1 28.2c0 1.2-1 2.2-2.1 2.2s-2.1-1-2.1-2.1c0-1.2 1-2.1 2.2-2.1s2.2 1 2.2 2.2zM10.4 28.2c0 1.2-1 2.2-2.1 2.2s-2.1-1-2.1-2.1c0-1.2 1-2.1 2.2-2.1s2.2 1 2.2 2.2z\"\/><\/svg><\/span><span class=\"shariff-text\">teilen<\/span>&nbsp;<\/a><\/li><li class=\"shariff-button info shariff-nocustomcolor\" style=\"background-color:#a8a8a8\"><a href=\"http:\/\/ct.de\/-2467514\" title=\"Weitere Informationen\" aria-label=\"Weitere Informationen\" role=\"button\" rel=\"noopener \" class=\"shariff-link\" style=\"; background-color:#999; color:#fff\" target=\"_blank\"><span class=\"shariff-icon\" style=\"\"><svg width=\"32px\" height=\"20px\" xmlns=\"http:\/\/www.w3.org\/2000\/svg\" viewBox=\"0 0 11 32\"><path fill=\"#999\" d=\"M11.4 24v2.3q0 0.5-0.3 0.8t-0.8 0.4h-9.1q-0.5 0-0.8-0.4t-0.4-0.8v-2.3q0-0.5 0.4-0.8t0.8-0.4h1.1v-6.8h-1.1q-0.5 0-0.8-0.4t-0.4-0.8v-2.3q0-0.5 0.4-0.8t0.8-0.4h6.8q0.5 0 0.8 0.4t0.4 0.8v10.3h1.1q0.5 0 0.8 0.4t0.3 0.8zM9.2 3.4v3.4q0 0.5-0.4 0.8t-0.8 0.4h-4.6q-0.4 0-0.8-0.4t-0.4-0.8v-3.4q0-0.4 0.4-0.8t0.8-0.4h4.6q0.5 0 0.8 0.4t0.4 0.8z\"\/><\/svg><\/span><\/a><\/li><\/ul><\/div>\n<p>Die GUT-Fraktion hat einen dringenden Antrag zur Schulraumentwicklung in T\u00f6nisvorst in den Stadtrat eingebracht. Ziel ist es, bedarfsgerechte, nachhaltige und vorausschauende Ma\u00dfnahmen zur Sicherstellung angemessener Lernbedingungen an den weiterf\u00fchrenden Schulen zu etablieren. Anlass sind die j\u00fcngsten Informationen aus dem Schulausschuss, wonach zur Deckung des steigenden Raumbedarfs erneut prim\u00e4r auf kurzfristige Containerl\u00f6sungen zur\u00fcckgegriffen werden soll.<\/p>\n\n\n\n<p>Die GUT-Fraktion kritisiert diese Vorgehensweise scharf. \u201eDer erh\u00f6hte Raumbedarf war mit der R\u00fcckkehr von G8 zu G9 fr\u00fchzeitig absehbar und h\u00e4tte entsprechend vorausschauend in die Schulentwicklungsplanung einbezogen werden m\u00fcssen\u201c, erkl\u00e4rt Karoline Milch, GUT-Spitzenkandidatin zur Kommunalwahl, \u201eDie gegenw\u00e4rtig eingeschlagene L\u00f6sung vermittelt den Eindruck, dass auf strategischer und planerischer Ebene keine ausreichende Vorbereitung erfolgt ist, um nachhaltige Alternativen rechtzeitig zu entwickeln und umzusetzen.\u201c<\/p>\n\n\n\n<p>Der Antrag der GUT-Fraktion fordert die unverz\u00fcgliche Behandlung folgender Punkte im Rat der Stadt T\u00f6nisvorst bzw. im zust\u00e4ndigen Ausschuss:<\/p>\n\n\n\n<ol class=\"wp-block-list\">\n<li>Vorlage eines tragf\u00e4higen, langfristig orientierten Raumkonzepts f\u00fcr die weiterf\u00fchrenden Schulen unter Einbeziehung bestehender und k\u00fcnftig zu erwartender Bedarfe.<\/li>\n\n\n\n<li>Systematische Pr\u00fcfung st\u00e4dtischer und verwaltungsinterner Liegenschaften hinsichtlich ihrer Eignung f\u00fcr schulische Nutzung (tempor\u00e4r oder dauerhaft).<\/li>\n\n\n\n<li>Erstellung und Ver\u00f6ffentlichung eines verbindlichen Umsetzungsfahrplans vor dem 20. Oktober 2025 f\u00fcr alle beschlossenen sowie geplanten Sanierungs- und Neubauvorhaben an den weiterf\u00fchrenden Schulen mit klaren Meilensteinen und Zeitvorgaben.<\/li>\n<\/ol>\n\n\n\n<p>Die Fraktion betont, dass Schulr\u00e4ume dauerhaft den Anforderungen an eine zeitgem\u00e4\u00dfe Lernumgebung gen\u00fcgen m\u00fcssen. Tempor\u00e4re Containerl\u00f6sungen k\u00f6nnen bestenfalls eine \u00dcbergangserg\u00e4nzung darstellen, jedoch keinen dauerhaften Ersatz f\u00fcr funktionale Schulgeb\u00e4ude. \u201eDie Qualit\u00e4t schulischer Bildung h\u00e4ngt nicht zuletzt auch von der r\u00e4umlichen Infrastruktur ab. Als Kommune ist es unsere Aufgabe, verl\u00e4ssliche Rahmenbedingungen f\u00fcr Kinder, Jugendliche und p\u00e4dagogisches Personal zu schaffen\u201c, so GUT-Fraktionssprecher Philipp Jan\u00dfen.<\/p>\n\n\n\n<p>&#8222;Jede weitere parteitaktische, pers\u00f6nlich motivierte oder verwaltungsinterne Verz\u00f6gerung der Sanierungs- und Neubaupl\u00e4ne ist verantwortungslos und f\u00fcgt den T\u00f6nisvorster Familien und der bildungspolitischen Zukunft unserer Stadt einen gro\u00dfen Schaden zu,&#8220; erg\u00e4nzt Fraktionsgesch\u00e4ftsf\u00fchrer Daniel Ponten, &#8222;wir brauchen mehr Transparenz und dringend Verbindlichkeit bei der Umsetzung bereits demokratisch beschlossener Ma\u00dfnahmen, die sich teilweise deutlich verz\u00f6gern. Ein konkreter Fahrplan ist unerl\u00e4sslich, um hier Abhilfe zu schaffen und ein verantwortungsvolles, koordiniertes und nachhaltiges Vorgehen in der Schulraumentwicklung sicherzustellen.&#8220;<\/p>\n","protected":false},"excerpt":{"rendered":"<p>Die GUT-Fraktion hat einen dringenden Antrag zur Schulraumentwicklung in T\u00f6nisvorst in den Stadtrat eingebracht. Ziel ist es, bedarfsgerechte, nachhaltige und vorausschauende Ma\u00dfnahmen zur Sicherstellung angemessener Lernbedingungen an den weiterf\u00fchrenden Schulen zu etablieren. Anlass sind die[&#8230;]<\/p>\n","protected":false},"author":2,"featured_media":2653,"comment_status":"closed","ping_status":"closed","sticky":false,"template":"","format":"standard","meta":{"footnotes":""},"categories":[729,3],"tags":[530,22,215,722,123,523,524,75,124,678,679,72,673,720,680,525,114,7],"class_list":["post-2652","post","type-post","status-publish","format-standard","has-post-thumbnail","hentry","category-kommunalwahl-2025","category-antraege-der-gut-fraktion","tag-bildungsausschuss","tag-cdu","tag-corneliusstrasse","tag-eltern","tag-familie","tag-gesamtschule","tag-gymnasium","tag-jugend","tag-kinder","tag-michael-ende-gymnasium","tag-rupert-neudeck-gesamtschule","tag-schule","tag-schulentwicklungsplan","tag-schulkinder","tag-schullandschaft","tag-schulzentrum","tag-stadtentwicklung","tag-stadtrat"],"_links":{"self":[{"href":"https:\/\/gemeinschaft-unabhaengiger-toenisvorster.de\/index.php\/wp-json\/wp\/v2\/posts\/2652","targetHints":{"allow":["GET"]}}],"collection":[{"href":"https:\/\/gemeinschaft-unabhaengiger-toenisvorster.de\/index.php\/wp-json\/wp\/v2\/posts"}],"about":[{"href":"https:\/\/gemeinschaft-unabhaengiger-toenisvorster.de\/index.php\/wp-json\/wp\/v2\/types\/post"}],"author":[{"embeddable":true,"href":"https:\/\/gemeinschaft-unabhaengiger-toenisvorster.de\/index.php\/wp-json\/wp\/v2\/users\/2"}],"replies":[{"embeddable":true,"href":"https:\/\/gemeinschaft-unabhaengiger-toenisvorster.de\/index.php\/wp-json\/wp\/v2\/comments?post=2652"}],"version-history":[{"count":1,"href":"https:\/\/gemeinschaft-unabhaengiger-toenisvorster.de\/index.php\/wp-json\/wp\/v2\/posts\/2652\/revisions"}],"predecessor-version":[{"id":2654,"href":"https:\/\/gemeinschaft-unabhaengiger-toenisvorster.de\/index.php\/wp-json\/wp\/v2\/posts\/2652\/revisions\/2654"}],"wp:featuredmedia":[{"embeddable":true,"href":"https:\/\/gemeinschaft-unabhaengiger-toenisvorster.de\/index.php\/wp-json\/wp\/v2\/media\/2653"}],"wp:attachment":[{"href":"https:\/\/gemeinschaft-unabhaengiger-toenisvorster.de\/index.php\/wp-json\/wp\/v2\/media?parent=2652"}],"wp:term":[{"taxonomy":"category","embeddable":true,"href":"https:\/\/gemeinschaft-unabhaengiger-toenisvorster.de\/index.php\/wp-json\/wp\/v2\/categories?post=2652"},{"taxonomy":"post_tag","embeddable":true,"href":"https:\/\/gemeinschaft-unabhaengiger-toenisvorster.de\/index.php\/wp-json\/wp\/v2\/tags?post=2652"}],"curies":[{"name":"wp","href":"https:\/\/api.w.org\/{rel}","templated":true}]}}