{"id":2019,"date":"2023-06-07T16:30:00","date_gmt":"2023-06-07T14:30:00","guid":{"rendered":"https:\/\/gemeinschaft-unabhaengiger-toenisvorster.de\/?p=2019"},"modified":"2023-06-07T15:34:31","modified_gmt":"2023-06-07T13:34:31","slug":"unabsehbare-verkehrsprobleme-gut-gegen-massive-wohnbebauung-am-fliethgraben","status":"publish","type":"post","link":"https:\/\/gemeinschaft-unabhaengiger-toenisvorster.de\/index.php\/2023\/06\/07\/unabsehbare-verkehrsprobleme-gut-gegen-massive-wohnbebauung-am-fliethgraben\/","title":{"rendered":"Unabsehbare Verkehrsprobleme: GUT gegen massive Bebauung am Fliethgraben"},"content":{"rendered":"<div class=\"shariff shariff-align-left shariff-widget-align-left shariff-buttonstretch\" style=\"display:none\"><ul class=\"shariff-buttons theme-color orientation-horizontal buttonsize-small\"><li class=\"shariff-button mailto shariff-nocustomcolor\" style=\"background-color:#a8a8a8\"><a href=\"mailto:?body=https%3A%2F%2Fgemeinschaft-unabhaengiger-toenisvorster.de%2Findex.php%2F2023%2F06%2F07%2Funabsehbare-verkehrsprobleme-gut-gegen-massive-wohnbebauung-am-fliethgraben%2F&subject=Unabsehbare%20Verkehrsprobleme%3A%20GUT%20gegen%20massive%20Bebauung%20am%20Fliethgraben\" title=\"Per E-Mail versenden\" aria-label=\"Per E-Mail versenden\" role=\"button\" rel=\"noopener nofollow\" class=\"shariff-link\" style=\"; background-color:#999; color:#fff\"><span class=\"shariff-icon\" style=\"\"><svg width=\"32px\" height=\"20px\" xmlns=\"http:\/\/www.w3.org\/2000\/svg\" viewBox=\"0 0 32 32\"><path fill=\"#999\" d=\"M32 12.7v14.2q0 1.2-0.8 2t-2 0.9h-26.3q-1.2 0-2-0.9t-0.8-2v-14.2q0.8 0.9 1.8 1.6 6.5 4.4 8.9 6.1 1 0.8 1.6 1.2t1.7 0.9 2 0.4h0.1q0.9 0 2-0.4t1.7-0.9 1.6-1.2q3-2.2 8.9-6.1 1-0.7 1.8-1.6zM32 7.4q0 1.4-0.9 2.7t-2.2 2.2q-6.7 4.7-8.4 5.8-0.2 0.1-0.7 0.5t-1 0.7-0.9 0.6-1.1 0.5-0.9 0.2h-0.1q-0.4 0-0.9-0.2t-1.1-0.5-0.9-0.6-1-0.7-0.7-0.5q-1.6-1.1-4.7-3.2t-3.6-2.6q-1.1-0.7-2.1-2t-1-2.5q0-1.4 0.7-2.3t2.1-0.9h26.3q1.2 0 2 0.8t0.9 2z\"\/><\/svg><\/span><span class=\"shariff-text\">E-Mail<\/span>&nbsp;<\/a><\/li><li class=\"shariff-button printer shariff-nocustomcolor\" style=\"background-color:#a8a8a8\"><a href=\"javascript:window.print()\" title=\"drucken\" aria-label=\"drucken\" role=\"button\" rel=\"noopener nofollow\" class=\"shariff-link\" style=\"; background-color:#999; color:#fff\"><span class=\"shariff-icon\" style=\"\"><svg width=\"32px\" height=\"20px\" xmlns=\"http:\/\/www.w3.org\/2000\/svg\" viewBox=\"0 0 30 32\"><path fill=\"#999\" d=\"M6.8 27.4h16v-4.6h-16v4.6zM6.8 16h16v-6.8h-2.8q-0.7 0-1.2-0.5t-0.5-1.2v-2.8h-11.4v11.4zM27.4 17.2q0-0.5-0.3-0.8t-0.8-0.4-0.8 0.4-0.3 0.8 0.3 0.8 0.8 0.3 0.8-0.3 0.3-0.8zM29.7 17.2v7.4q0 0.2-0.2 0.4t-0.4 0.2h-4v2.8q0 0.7-0.5 1.2t-1.2 0.5h-17.2q-0.7 0-1.2-0.5t-0.5-1.2v-2.8h-4q-0.2 0-0.4-0.2t-0.2-0.4v-7.4q0-1.4 1-2.4t2.4-1h1.2v-9.7q0-0.7 0.5-1.2t1.2-0.5h12q0.7 0 1.6 0.4t1.3 0.8l2.7 2.7q0.5 0.5 0.9 1.4t0.4 1.6v4.6h1.1q1.4 0 2.4 1t1 2.4z\"\/><\/svg><\/span><span class=\"shariff-text\">drucken<\/span>&nbsp;<\/a><\/li><li class=\"shariff-button facebook shariff-nocustomcolor\" style=\"background-color:#4273c8\"><a href=\"https:\/\/www.facebook.com\/sharer\/sharer.php?u=https%3A%2F%2Fgemeinschaft-unabhaengiger-toenisvorster.de%2Findex.php%2F2023%2F06%2F07%2Funabsehbare-verkehrsprobleme-gut-gegen-massive-wohnbebauung-am-fliethgraben%2F\" title=\"Bei Facebook teilen\" aria-label=\"Bei Facebook teilen\" role=\"button\" rel=\"nofollow\" class=\"shariff-link\" style=\"; background-color:#3b5998; color:#fff\" target=\"_blank\"><span class=\"shariff-icon\" style=\"\"><svg width=\"32px\" height=\"20px\" xmlns=\"http:\/\/www.w3.org\/2000\/svg\" viewBox=\"0 0 18 32\"><path fill=\"#3b5998\" d=\"M17.1 0.2v4.7h-2.8q-1.5 0-2.1 0.6t-0.5 1.9v3.4h5.2l-0.7 5.3h-4.5v13.6h-5.5v-13.6h-4.5v-5.3h4.5v-3.9q0-3.3 1.9-5.2t5-1.8q2.6 0 4.1 0.2z\"\/><\/svg><\/span><span class=\"shariff-text\">teilen<\/span>&nbsp;<\/a><\/li><li class=\"shariff-button twitter shariff-nocustomcolor\" style=\"background-color:#595959\"><a href=\"https:\/\/twitter.com\/share?url=https%3A%2F%2Fgemeinschaft-unabhaengiger-toenisvorster.de%2Findex.php%2F2023%2F06%2F07%2Funabsehbare-verkehrsprobleme-gut-gegen-massive-wohnbebauung-am-fliethgraben%2F&text=Unabsehbare%20Verkehrsprobleme%3A%20GUT%20gegen%20massive%20Bebauung%20am%20Fliethgraben\" title=\"Bei X teilen\" aria-label=\"Bei X teilen\" role=\"button\" rel=\"noopener nofollow\" class=\"shariff-link\" style=\"; background-color:#000; color:#fff\" target=\"_blank\"><span class=\"shariff-icon\" style=\"\"><svg width=\"32px\" height=\"20px\" xmlns=\"http:\/\/www.w3.org\/2000\/svg\" viewBox=\"0 0 24 24\"><path fill=\"#000\" d=\"M14.258 10.152L23.176 0h-2.113l-7.747 8.813L7.133 0H0l9.352 13.328L0 23.973h2.113l8.176-9.309 6.531 9.309h7.133zm-2.895 3.293l-.949-1.328L2.875 1.56h3.246l6.086 8.523.945 1.328 7.91 11.078h-3.246zm0 0\"\/><\/svg><\/span><span class=\"shariff-text\">teilen<\/span>&nbsp;<\/a><\/li><li class=\"shariff-button whatsapp shariff-nocustomcolor\" style=\"background-color:#5cbe4a\"><a href=\"https:\/\/api.whatsapp.com\/send?text=https%3A%2F%2Fgemeinschaft-unabhaengiger-toenisvorster.de%2Findex.php%2F2023%2F06%2F07%2Funabsehbare-verkehrsprobleme-gut-gegen-massive-wohnbebauung-am-fliethgraben%2F%20Unabsehbare%20Verkehrsprobleme%3A%20GUT%20gegen%20massive%20Bebauung%20am%20Fliethgraben\" title=\"Bei Whatsapp teilen\" aria-label=\"Bei Whatsapp teilen\" role=\"button\" rel=\"noopener nofollow\" class=\"shariff-link\" style=\"; background-color:#34af23; color:#fff\" target=\"_blank\"><span class=\"shariff-icon\" style=\"\"><svg width=\"32px\" height=\"20px\" xmlns=\"http:\/\/www.w3.org\/2000\/svg\" viewBox=\"0 0 32 32\"><path fill=\"#34af23\" d=\"M17.6 17.4q0.2 0 1.7 0.8t1.6 0.9q0 0.1 0 0.3 0 0.6-0.3 1.4-0.3 0.7-1.3 1.2t-1.8 0.5q-1 0-3.4-1.1-1.7-0.8-3-2.1t-2.6-3.3q-1.3-1.9-1.3-3.5v-0.1q0.1-1.6 1.3-2.8 0.4-0.4 0.9-0.4 0.1 0 0.3 0t0.3 0q0.3 0 0.5 0.1t0.3 0.5q0.1 0.4 0.6 1.6t0.4 1.3q0 0.4-0.6 1t-0.6 0.8q0 0.1 0.1 0.3 0.6 1.3 1.8 2.4 1 0.9 2.7 1.8 0.2 0.1 0.4 0.1 0.3 0 1-0.9t0.9-0.9zM14 26.9q2.3 0 4.3-0.9t3.6-2.4 2.4-3.6 0.9-4.3-0.9-4.3-2.4-3.6-3.6-2.4-4.3-0.9-4.3 0.9-3.6 2.4-2.4 3.6-0.9 4.3q0 3.6 2.1 6.6l-1.4 4.2 4.3-1.4q2.8 1.9 6.2 1.9zM14 2.2q2.7 0 5.2 1.1t4.3 2.9 2.9 4.3 1.1 5.2-1.1 5.2-2.9 4.3-4.3 2.9-5.2 1.1q-3.5 0-6.5-1.7l-7.4 2.4 2.4-7.2q-1.9-3.2-1.9-6.9 0-2.7 1.1-5.2t2.9-4.3 4.3-2.9 5.2-1.1z\"\/><\/svg><\/span><span class=\"shariff-text\">teilen<\/span>&nbsp;<\/a><\/li><li class=\"shariff-button telegram shariff-nocustomcolor\" style=\"background-color:#4084A6\"><a href=\"https:\/\/telegram.me\/share\/url?url=https%3A%2F%2Fgemeinschaft-unabhaengiger-toenisvorster.de%2Findex.php%2F2023%2F06%2F07%2Funabsehbare-verkehrsprobleme-gut-gegen-massive-wohnbebauung-am-fliethgraben%2F&text=Unabsehbare%20Verkehrsprobleme%3A%20GUT%20gegen%20massive%20Bebauung%20am%20Fliethgraben\" title=\"Bei Telegram teilen\" aria-label=\"Bei Telegram teilen\" role=\"button\" rel=\"noopener nofollow\" class=\"shariff-link\" style=\"; background-color:#0088cc; color:#fff\" target=\"_blank\"><span class=\"shariff-icon\" style=\"\"><svg width=\"32px\" height=\"20px\" xmlns=\"http:\/\/www.w3.org\/2000\/svg\" viewBox=\"0 0 32 32\"><path fill=\"#0088cc\" d=\"M30.8 6.5l-4.5 21.4c-.3 1.5-1.2 1.9-2.5 1.2L16.9 24l-3.3 3.2c-.4.4-.7.7-1.4.7l.5-7L25.5 9.2c.6-.5-.1-.8-.9-.3l-15.8 10L2 16.7c-1.5-.5-1.5-1.5.3-2.2L28.9 4.3c1.3-.5 2.3.3 1.9 2.2z\"\/><\/svg><\/span><span class=\"shariff-text\">teilen<\/span>&nbsp;<\/a><\/li><li class=\"shariff-button threema shariff-nocustomcolor shariff-mobile\" style=\"background-color:#4fbc24\"><a href=\"threema:\/\/compose?text=Unabsehbare%20Verkehrsprobleme%3A%20GUT%20gegen%20massive%20Bebauung%20am%20Fliethgraben%20https%3A%2F%2Fgemeinschaft-unabhaengiger-toenisvorster.de%2Findex.php%2F2023%2F06%2F07%2Funabsehbare-verkehrsprobleme-gut-gegen-massive-wohnbebauung-am-fliethgraben%2F\" title=\"Bei Threema teilen\" aria-label=\"Bei Threema teilen\" role=\"button\" rel=\"noopener nofollow\" class=\"shariff-link\" style=\"; background-color:#1f1f1f; color:#fff\" target=\"_blank\"><span class=\"shariff-icon\" style=\"\"><svg width=\"32px\" height=\"20px\" xmlns=\"http:\/\/www.w3.org\/2000\/svg\" viewBox=\"0 0 32 32\"><path fill=\"#1f1f1f\" d=\"M30.8 10.9c-0.3-1.4-0.9-2.6-1.8-3.8-2-2.6-5.5-4.5-9.4-5.2-1.3-0.2-1.9-0.3-3.5-0.3s-2.2 0-3.5 0.3c-4 0.7-7.4 2.6-9.4 5.2-0.9 1.2-1.5 2.4-1.8 3.8-0.1 0.5-0.2 1.2-0.2 1.6 0 0.4 0.1 1.1 0.2 1.6 0.4 1.9 1.3 3.4 2.9 5 0.8 0.8 0.8 0.8 0.7 1.3 0 0.6-0.5 1.6-1.7 3.6-0.3 0.5-0.5 0.9-0.5 0.9 0 0.1 0.1 0.1 0.5 0 0.8-0.2 2.3-0.6 5.6-1.6 1.1-0.3 1.3-0.4 2.3-0.4 0.8 0 1.1 0 2.3 0.2 1.5 0.2 3.5 0.2 4.9 0 5.1-0.6 9.3-2.9 11.4-6.3 0.5-0.9 0.9-1.8 1.1-2.8 0.1-0.5 0.2-1.1 0.2-1.6 0-0.7-0.1-1.1-0.2-1.6-0.3-1.4 0.1 0.5 0 0zM20.6 17.3c0 0.4-0.4 0.8-0.8 0.8h-7.7c-0.4 0-0.8-0.4-0.8-0.8v-4.6c0-0.4 0.4-0.8 0.8-0.8h0.2l0-1.6c0-0.9 0-1.8 0.1-2 0.1-0.6 0.6-1.2 1.1-1.7s1.1-0.7 1.9-0.8c1.8-0.3 3.7 0.7 4.2 2.2 0.1 0.3 0.1 0.7 0.1 2.1v0 1.7h0.1c0.4 0 0.8 0.4 0.8 0.8v4.6zM15.6 7.3c-0.5 0.1-0.8 0.3-1.2 0.6s-0.6 0.8-0.7 1.3c0 0.2 0 0.8 0 1.5l0 1.2h4.6v-1.3c0-1 0-1.4-0.1-1.6-0.3-1.1-1.5-1.9-2.6-1.7zM25.8 28.2c0 1.2-1 2.2-2.1 2.2s-2.1-1-2.1-2.1c0-1.2 1-2.1 2.2-2.1s2.2 1 2.2 2.2zM18.1 28.2c0 1.2-1 2.2-2.1 2.2s-2.1-1-2.1-2.1c0-1.2 1-2.1 2.2-2.1s2.2 1 2.2 2.2zM10.4 28.2c0 1.2-1 2.2-2.1 2.2s-2.1-1-2.1-2.1c0-1.2 1-2.1 2.2-2.1s2.2 1 2.2 2.2z\"\/><\/svg><\/span><span class=\"shariff-text\">teilen<\/span>&nbsp;<\/a><\/li><li class=\"shariff-button info shariff-nocustomcolor\" style=\"background-color:#a8a8a8\"><a href=\"http:\/\/ct.de\/-2467514\" title=\"Weitere Informationen\" aria-label=\"Weitere Informationen\" role=\"button\" rel=\"noopener \" class=\"shariff-link\" style=\"; background-color:#999; color:#fff\" target=\"_blank\"><span class=\"shariff-icon\" style=\"\"><svg width=\"32px\" height=\"20px\" xmlns=\"http:\/\/www.w3.org\/2000\/svg\" viewBox=\"0 0 11 32\"><path fill=\"#999\" d=\"M11.4 24v2.3q0 0.5-0.3 0.8t-0.8 0.4h-9.1q-0.5 0-0.8-0.4t-0.4-0.8v-2.3q0-0.5 0.4-0.8t0.8-0.4h1.1v-6.8h-1.1q-0.5 0-0.8-0.4t-0.4-0.8v-2.3q0-0.5 0.4-0.8t0.8-0.4h6.8q0.5 0 0.8 0.4t0.4 0.8v10.3h1.1q0.5 0 0.8 0.4t0.3 0.8zM9.2 3.4v3.4q0 0.5-0.4 0.8t-0.8 0.4h-4.6q-0.4 0-0.8-0.4t-0.4-0.8v-3.4q0-0.4 0.4-0.8t0.8-0.4h4.6q0.5 0 0.8 0.4t0.4 0.8z\"\/><\/svg><\/span><\/a><\/li><\/ul><\/div>\n<p>Die GUT (Gemeinschaft Unabh\u00e4ngiger T\u00f6nisvorster e.V.) spricht sich gegen die geplante Wohnbebauung in Sankt T\u00f6nis zwischen Fliethgraben und Ro\u00dfstra\u00dfe aus. Diese wird Thema im kommenden Planungsausschuss der Stadt T\u00f6nisvorst am 13.06.2023 sein.<\/p>\n\n\n\n<p>Das Projekt eines \u00fcberregional bekannten Investors und Bauunternehmers vom Niederrhein w\u00fcrde zu einer erheblichen Zunahme des Verkehrsaufkommens f\u00fchren. Mit fast 900 zus\u00e4tzlichen Fahrzeugbewegungen, bei konservativer Rechnung, ist dies allein f\u00fcr die mittlere Zufahrt des Fliethgrabens und seine Umgebung unzumutbar.<\/p>\n\n\n\n<p>Die Verkehrsprobleme auf der Schelthofer Stra\u00dfe und im Kreuzungsbereich mit Friedrichstra\u00dfe und Fliethgraben sind heute schon inakzeptabel und weitere Schwierigkeiten und Unfallgefahren an diesem Schulweg nicht absehbar. Die geplante Errichtung von ca. 80 weiteren Wohneinheiten in mehrgeschossiger Bauweise, hinter dem Wohnbestand aus den 1990er Jahren am Fliethgraben, w\u00fcrde die Situation weiter versch\u00e4rfen.<\/p>\n\n\n\n<figure class=\"wp-block-image size-large is-resized\"><img loading=\"lazy\" decoding=\"async\" src=\"https:\/\/gemeinschaft-unabhaengiger-toenisvorster.de\/wp-content\/uploads\/2023\/06\/fliethgraben_erschliiessung1-1024x577.jpg\" alt=\"\" class=\"wp-image-2021\" width=\"880\" height=\"495\" srcset=\"https:\/\/gemeinschaft-unabhaengiger-toenisvorster.de\/wp-content\/uploads\/2023\/06\/fliethgraben_erschliiessung1-1024x577.jpg 1024w, https:\/\/gemeinschaft-unabhaengiger-toenisvorster.de\/wp-content\/uploads\/2023\/06\/fliethgraben_erschliiessung1-300x169.jpg 300w, https:\/\/gemeinschaft-unabhaengiger-toenisvorster.de\/wp-content\/uploads\/2023\/06\/fliethgraben_erschliiessung1-768x432.jpg 768w, https:\/\/gemeinschaft-unabhaengiger-toenisvorster.de\/wp-content\/uploads\/2023\/06\/fliethgraben_erschliiessung1-1536x865.jpg 1536w, https:\/\/gemeinschaft-unabhaengiger-toenisvorster.de\/wp-content\/uploads\/2023\/06\/fliethgraben_erschliiessung1-2048x1153.jpg 2048w\" sizes=\"auto, (max-width: 880px) 100vw, 880px\" \/><figcaption class=\"wp-element-caption\"><em>Feldrandlage am Fliethgraben; links die Fl\u00e4che des potenziellen Neubaugebietes<\/em><\/figcaption><\/figure>\n\n\n\n<p>Der stellvertretende GUT Fraktionssprecher Philipp Jan\u00dfen mahnt, nicht den gleichen Fehler, wie bei der Anbindung und Erschlie\u00dfung des Baugebietes Vorst-Nord und schon vor ca. 30 Jahren an der alten Weberei in Sankt T\u00f6nis zu machen: In beiden F\u00e4llen sorgt nur eine Zufahrt f\u00fcr regelm\u00e4\u00dfige Verkehrsbehinderungen und ernsthafte Probleme f\u00fcr Feuerwehr und Rettungsdienst.<\/p>\n\n\n\n<p>Die Planung von massiven Mehrfamilienh\u00e4usern und zahlreichen Doppelhaush\u00e4lften am Fliethgraben wirft zudem berechtigte Fragen zum L\u00e4rmschutz f\u00fcr potenzielle neue Eigent\u00fcmerinnen und Eigent\u00fcmer auf. Die st\u00e4ndig steigende L\u00e4rmbelastung durch den Verkehr auf der nahen D\u00fcsseldorfer Stra\u00dfe in den letzten 20 Jahren ist bereits f\u00fcr die heutigen Anwohner sp\u00fcrbar und besorgniserregend.<\/p>\n\n\n\n<p>Ein weiterer wichtiger Punkt ist die Baustoffdeponie in unmittelbarer N\u00e4he des geplanten Wohngebiets. Die potenziellen Auswirkungen durch L\u00e4rm, Staub und Lieferverkehr dieser Deponie auf die Gesundheit der zuk\u00fcnftigen Bewohnerinnen und Bewohner m\u00fcssten dringend ber\u00fccksichtigt werden.<br>Die GUT setzt sich f\u00fcr eine nachhaltige Stadtentwicklung ein, die den Schutz der Natur, die Verkehrssicherheit und die Lebensqualit\u00e4t der B\u00fcrgerinnen und B\u00fcrger gew\u00e4hrleistet.<\/p>\n\n\n<div class=\"wp-block-image\">\n<figure class=\"alignright size-full is-resized\"><img loading=\"lazy\" decoding=\"async\" src=\"https:\/\/gemeinschaft-unabhaengiger-toenisvorster.de\/wp-content\/uploads\/2023\/06\/fliethgraben_erschliiessung2.jpg\" alt=\"Blick von der Friedrichstra\u00dfe \u00fcber den Fliethgraben in Richtung D\u00fcsseldorfer stra\u00dfe\" class=\"wp-image-2022\" width=\"402\" height=\"364\" srcset=\"https:\/\/gemeinschaft-unabhaengiger-toenisvorster.de\/wp-content\/uploads\/2023\/06\/fliethgraben_erschliiessung2.jpg 2252w, https:\/\/gemeinschaft-unabhaengiger-toenisvorster.de\/wp-content\/uploads\/2023\/06\/fliethgraben_erschliiessung2-300x271.jpg 300w, https:\/\/gemeinschaft-unabhaengiger-toenisvorster.de\/wp-content\/uploads\/2023\/06\/fliethgraben_erschliiessung2-1024x927.jpg 1024w, https:\/\/gemeinschaft-unabhaengiger-toenisvorster.de\/wp-content\/uploads\/2023\/06\/fliethgraben_erschliiessung2-768x695.jpg 768w, https:\/\/gemeinschaft-unabhaengiger-toenisvorster.de\/wp-content\/uploads\/2023\/06\/fliethgraben_erschliiessung2-1536x1390.jpg 1536w, https:\/\/gemeinschaft-unabhaengiger-toenisvorster.de\/wp-content\/uploads\/2023\/06\/fliethgraben_erschliiessung2-2048x1853.jpg 2048w\" sizes=\"auto, (max-width: 402px) 100vw, 402px\" \/><figcaption class=\"wp-element-caption\"><em>Blick von der Friedrichstra\u00dfe \u00fcber den Fliethgraben in Richtung D\u00fcsseldorfer Stra\u00dfe<\/em><\/figcaption><\/figure>\n<\/div>\n\n\n<p>Wir appellieren an die Verantwortlichen, die Pl\u00e4ne zur Wohnbebauung zwischen Fliethgraben und Ro\u00dfstra\u00dfe zu \u00fcberdenken und alternative L\u00f6sungen in Betracht zu ziehen, die den genannten Bedenken gerecht werden. Ein verkehrlicher Anschluss an die D\u00fcsseldorfer Stra\u00dfe mit Abbiege- und Einf\u00e4delungsspuren und einer Br\u00fccke oder Unterf\u00fchrung, w\u00e4re eine solche L\u00f6sung. Diese k\u00f6nnte auch die &#8211; politisch breit geforderte &#8211; Radwegequerung dieser vielbefahrenen Umgehungsstra\u00dfe beinhalten.<\/p>\n\n\n\n<p>Daneben weisen wir auf die bereits bestehende schlechte Nahverkehrssituation in diesem Teil der Stadt hin, die sich durch die geplante Wohnbebauung noch weiter versch\u00e4rfen k\u00f6nnte. Eine umfassende Infrastrukturplanung unter Ber\u00fccksichtigung des \u00f6ffentlichen Nahverkehrs ist von gro\u00dfer Bedeutung, um die Mobilit\u00e4t und Lebensqualit\u00e4t der zuk\u00fcnftigen Bewohnerinnen und Bewohner zu gew\u00e4hrleisten und die Probleme beim Klimaschutz in T\u00f6nisvorst nicht weiter anzuheizen.<\/p>\n\n\n\n<p>Es ist wichtig, dass bei der Entscheidungsfindung f\u00fcr dieses Bauprojekt kommerzielle Interessen Dritter nicht \u00fcber dem Bedarf an gef\u00f6rdertem Wohnraum stehen. Eine ausgewogene und verantwortungsvolle Stadtentwicklung sollte Vorrang haben.<\/p>\n\n\n\n<p>Des Weiteren stellt sich die Frage, was mit den anderen landwirtschaftlichen Fl\u00e4chen rund um das geplante Wohngebiet geschehen wird. Die Erhaltung dieser Bereiche ist von gro\u00dfer Bedeutung f\u00fcr die Landwirtschaft und die Aufrechterhaltung einer gesunden Umwelt. Das Gebiet zwischen Fliethgraben, Ro\u00dfstra\u00dfe und D\u00fcsseldorfer Stra\u00dfe ist zur Naherholung beliebt bei Fu\u00dfg\u00e4ngern, Radfahrern und das nahegelegene Hofcaf\u00e9 bislang ein gefragtes Ausflugsziel.<\/p>\n\n\n\n<p>Die GUT spricht sich deutlich f\u00fcr eine sorgf\u00e4ltige Abw\u00e4gung der verschiedenen Faktoren aus und appelliert an die Verantwortlichen, die Bedenken und m\u00f6glichen Risiken im Zusammenhang mit der geplanten Wohnbebauung zwischen Fliethgraben und Ro\u00dfstra\u00dfe ernsthaft zu ber\u00fccksichtigen.<\/p>\n","protected":false},"excerpt":{"rendered":"<p>Die GUT (Gemeinschaft Unabh\u00e4ngiger T\u00f6nisvorster e.V.) spricht sich gegen die geplante Wohnbebauung in Sankt T\u00f6nis zwischen Fliethgraben und Ro\u00dfstra\u00dfe aus. Diese wird Thema im kommenden Planungsausschuss der Stadt T\u00f6nisvorst am 13.06.2023 sein. Das Projekt eines[&#8230;]<\/p>\n","protected":false},"author":14,"featured_media":2020,"comment_status":"closed","ping_status":"closed","sticky":false,"template":"","format":"standard","meta":{"footnotes":""},"categories":[1,3],"tags":[546,83,62,149,331,154,200,97,560,208,245,82,85,395,389,114,65,588,390,64,137,108,392,81],"class_list":["post-2019","post","type-post","status-publish","format-standard","has-post-thumbnail","hentry","category-neuigkeiten","category-antraege-der-gut-fraktion","tag-ausschuss-fuer-sicherheit-ordnung-und-verkehr","tag-planungsausschuss","tag-bauen","tag-bebauungsplan","tag-duesseldorfer-strasse","tag-fliethgraben","tag-friedrichstrasse","tag-fussgaenger","tag-gruenflaeche","tag-laermschutz","tag-nahverkehr","tag-planung","tag-radfahren","tag-rossstrasse","tag-schelthofer-strasse","tag-stadtentwicklung","tag-umwelt","tag-umweltschutz","tag-verbindungsstrasse","tag-verkehr","tag-verkehrslaerm","tag-verkehrssicherheit","tag-wiesengrund","tag-wohnen"],"_links":{"self":[{"href":"https:\/\/gemeinschaft-unabhaengiger-toenisvorster.de\/index.php\/wp-json\/wp\/v2\/posts\/2019","targetHints":{"allow":["GET"]}}],"collection":[{"href":"https:\/\/gemeinschaft-unabhaengiger-toenisvorster.de\/index.php\/wp-json\/wp\/v2\/posts"}],"about":[{"href":"https:\/\/gemeinschaft-unabhaengiger-toenisvorster.de\/index.php\/wp-json\/wp\/v2\/types\/post"}],"author":[{"embeddable":true,"href":"https:\/\/gemeinschaft-unabhaengiger-toenisvorster.de\/index.php\/wp-json\/wp\/v2\/users\/14"}],"replies":[{"embeddable":true,"href":"https:\/\/gemeinschaft-unabhaengiger-toenisvorster.de\/index.php\/wp-json\/wp\/v2\/comments?post=2019"}],"version-history":[{"count":7,"href":"https:\/\/gemeinschaft-unabhaengiger-toenisvorster.de\/index.php\/wp-json\/wp\/v2\/posts\/2019\/revisions"}],"predecessor-version":[{"id":2036,"href":"https:\/\/gemeinschaft-unabhaengiger-toenisvorster.de\/index.php\/wp-json\/wp\/v2\/posts\/2019\/revisions\/2036"}],"wp:featuredmedia":[{"embeddable":true,"href":"https:\/\/gemeinschaft-unabhaengiger-toenisvorster.de\/index.php\/wp-json\/wp\/v2\/media\/2020"}],"wp:attachment":[{"href":"https:\/\/gemeinschaft-unabhaengiger-toenisvorster.de\/index.php\/wp-json\/wp\/v2\/media?parent=2019"}],"wp:term":[{"taxonomy":"category","embeddable":true,"href":"https:\/\/gemeinschaft-unabhaengiger-toenisvorster.de\/index.php\/wp-json\/wp\/v2\/categories?post=2019"},{"taxonomy":"post_tag","embeddable":true,"href":"https:\/\/gemeinschaft-unabhaengiger-toenisvorster.de\/index.php\/wp-json\/wp\/v2\/tags?post=2019"}],"curies":[{"name":"wp","href":"https:\/\/api.w.org\/{rel}","templated":true}]}}