{"id":1773,"date":"2022-01-30T20:50:16","date_gmt":"2022-01-30T18:50:16","guid":{"rendered":"https:\/\/gemeinschaft-unabhaengiger-toenisvorster.de\/?p=1773"},"modified":"2022-01-30T22:10:51","modified_gmt":"2022-01-30T20:10:51","slug":"warum-seid-ihr-so-leise-gastkommentar-jetzt-reden-wir-klartext","status":"publish","type":"post","link":"https:\/\/gemeinschaft-unabhaengiger-toenisvorster.de\/index.php\/2022\/01\/30\/warum-seid-ihr-so-leise-gastkommentar-jetzt-reden-wir-klartext\/","title":{"rendered":"Warum seid ihr so leise? &#8211; Gastkommentar: Jetzt reden wir Klartext"},"content":{"rendered":"<div class=\"shariff shariff-align-left shariff-widget-align-left shariff-buttonstretch\" style=\"display:none\"><ul class=\"shariff-buttons theme-color orientation-horizontal buttonsize-small\"><li class=\"shariff-button mailto shariff-nocustomcolor\" style=\"background-color:#a8a8a8\"><a href=\"mailto:?body=https%3A%2F%2Fgemeinschaft-unabhaengiger-toenisvorster.de%2Findex.php%2F2022%2F01%2F30%2Fwarum-seid-ihr-so-leise-gastkommentar-jetzt-reden-wir-klartext%2F&subject=Warum%20seid%20ihr%20so%20leise%3F%20%E2%80%93%20Gastkommentar%3A%20Jetzt%20reden%20wir%20Klartext\" title=\"Per E-Mail versenden\" aria-label=\"Per E-Mail versenden\" role=\"button\" rel=\"noopener nofollow\" class=\"shariff-link\" style=\"; background-color:#999; color:#fff\"><span class=\"shariff-icon\" style=\"\"><svg width=\"32px\" height=\"20px\" xmlns=\"http:\/\/www.w3.org\/2000\/svg\" viewBox=\"0 0 32 32\"><path fill=\"#999\" d=\"M32 12.7v14.2q0 1.2-0.8 2t-2 0.9h-26.3q-1.2 0-2-0.9t-0.8-2v-14.2q0.8 0.9 1.8 1.6 6.5 4.4 8.9 6.1 1 0.8 1.6 1.2t1.7 0.9 2 0.4h0.1q0.9 0 2-0.4t1.7-0.9 1.6-1.2q3-2.2 8.9-6.1 1-0.7 1.8-1.6zM32 7.4q0 1.4-0.9 2.7t-2.2 2.2q-6.7 4.7-8.4 5.8-0.2 0.1-0.7 0.5t-1 0.7-0.9 0.6-1.1 0.5-0.9 0.2h-0.1q-0.4 0-0.9-0.2t-1.1-0.5-0.9-0.6-1-0.7-0.7-0.5q-1.6-1.1-4.7-3.2t-3.6-2.6q-1.1-0.7-2.1-2t-1-2.5q0-1.4 0.7-2.3t2.1-0.9h26.3q1.2 0 2 0.8t0.9 2z\"\/><\/svg><\/span><span class=\"shariff-text\">E-Mail<\/span>&nbsp;<\/a><\/li><li class=\"shariff-button printer shariff-nocustomcolor\" style=\"background-color:#a8a8a8\"><a href=\"javascript:window.print()\" title=\"drucken\" aria-label=\"drucken\" role=\"button\" rel=\"noopener nofollow\" class=\"shariff-link\" style=\"; background-color:#999; color:#fff\"><span class=\"shariff-icon\" style=\"\"><svg width=\"32px\" height=\"20px\" xmlns=\"http:\/\/www.w3.org\/2000\/svg\" viewBox=\"0 0 30 32\"><path fill=\"#999\" d=\"M6.8 27.4h16v-4.6h-16v4.6zM6.8 16h16v-6.8h-2.8q-0.7 0-1.2-0.5t-0.5-1.2v-2.8h-11.4v11.4zM27.4 17.2q0-0.5-0.3-0.8t-0.8-0.4-0.8 0.4-0.3 0.8 0.3 0.8 0.8 0.3 0.8-0.3 0.3-0.8zM29.7 17.2v7.4q0 0.2-0.2 0.4t-0.4 0.2h-4v2.8q0 0.7-0.5 1.2t-1.2 0.5h-17.2q-0.7 0-1.2-0.5t-0.5-1.2v-2.8h-4q-0.2 0-0.4-0.2t-0.2-0.4v-7.4q0-1.4 1-2.4t2.4-1h1.2v-9.7q0-0.7 0.5-1.2t1.2-0.5h12q0.7 0 1.6 0.4t1.3 0.8l2.7 2.7q0.5 0.5 0.9 1.4t0.4 1.6v4.6h1.1q1.4 0 2.4 1t1 2.4z\"\/><\/svg><\/span><span class=\"shariff-text\">drucken<\/span>&nbsp;<\/a><\/li><li class=\"shariff-button facebook shariff-nocustomcolor\" style=\"background-color:#4273c8\"><a href=\"https:\/\/www.facebook.com\/sharer\/sharer.php?u=https%3A%2F%2Fgemeinschaft-unabhaengiger-toenisvorster.de%2Findex.php%2F2022%2F01%2F30%2Fwarum-seid-ihr-so-leise-gastkommentar-jetzt-reden-wir-klartext%2F\" title=\"Bei Facebook teilen\" aria-label=\"Bei Facebook teilen\" role=\"button\" rel=\"nofollow\" class=\"shariff-link\" style=\"; background-color:#3b5998; color:#fff\" target=\"_blank\"><span class=\"shariff-icon\" style=\"\"><svg width=\"32px\" height=\"20px\" xmlns=\"http:\/\/www.w3.org\/2000\/svg\" viewBox=\"0 0 18 32\"><path fill=\"#3b5998\" d=\"M17.1 0.2v4.7h-2.8q-1.5 0-2.1 0.6t-0.5 1.9v3.4h5.2l-0.7 5.3h-4.5v13.6h-5.5v-13.6h-4.5v-5.3h4.5v-3.9q0-3.3 1.9-5.2t5-1.8q2.6 0 4.1 0.2z\"\/><\/svg><\/span><span class=\"shariff-text\">teilen<\/span>&nbsp;<\/a><\/li><li class=\"shariff-button twitter shariff-nocustomcolor\" style=\"background-color:#595959\"><a href=\"https:\/\/twitter.com\/share?url=https%3A%2F%2Fgemeinschaft-unabhaengiger-toenisvorster.de%2Findex.php%2F2022%2F01%2F30%2Fwarum-seid-ihr-so-leise-gastkommentar-jetzt-reden-wir-klartext%2F&text=Warum%20seid%20ihr%20so%20leise%3F%20%E2%80%93%20Gastkommentar%3A%20Jetzt%20reden%20wir%20Klartext\" title=\"Bei X teilen\" aria-label=\"Bei X teilen\" role=\"button\" rel=\"noopener nofollow\" class=\"shariff-link\" style=\"; background-color:#000; color:#fff\" target=\"_blank\"><span class=\"shariff-icon\" style=\"\"><svg width=\"32px\" height=\"20px\" xmlns=\"http:\/\/www.w3.org\/2000\/svg\" viewBox=\"0 0 24 24\"><path fill=\"#000\" d=\"M14.258 10.152L23.176 0h-2.113l-7.747 8.813L7.133 0H0l9.352 13.328L0 23.973h2.113l8.176-9.309 6.531 9.309h7.133zm-2.895 3.293l-.949-1.328L2.875 1.56h3.246l6.086 8.523.945 1.328 7.91 11.078h-3.246zm0 0\"\/><\/svg><\/span><span class=\"shariff-text\">teilen<\/span>&nbsp;<\/a><\/li><li class=\"shariff-button whatsapp shariff-nocustomcolor\" style=\"background-color:#5cbe4a\"><a href=\"https:\/\/api.whatsapp.com\/send?text=https%3A%2F%2Fgemeinschaft-unabhaengiger-toenisvorster.de%2Findex.php%2F2022%2F01%2F30%2Fwarum-seid-ihr-so-leise-gastkommentar-jetzt-reden-wir-klartext%2F%20Warum%20seid%20ihr%20so%20leise%3F%20%E2%80%93%20Gastkommentar%3A%20Jetzt%20reden%20wir%20Klartext\" title=\"Bei Whatsapp teilen\" aria-label=\"Bei Whatsapp teilen\" role=\"button\" rel=\"noopener nofollow\" class=\"shariff-link\" style=\"; background-color:#34af23; color:#fff\" target=\"_blank\"><span class=\"shariff-icon\" style=\"\"><svg width=\"32px\" height=\"20px\" xmlns=\"http:\/\/www.w3.org\/2000\/svg\" viewBox=\"0 0 32 32\"><path fill=\"#34af23\" d=\"M17.6 17.4q0.2 0 1.7 0.8t1.6 0.9q0 0.1 0 0.3 0 0.6-0.3 1.4-0.3 0.7-1.3 1.2t-1.8 0.5q-1 0-3.4-1.1-1.7-0.8-3-2.1t-2.6-3.3q-1.3-1.9-1.3-3.5v-0.1q0.1-1.6 1.3-2.8 0.4-0.4 0.9-0.4 0.1 0 0.3 0t0.3 0q0.3 0 0.5 0.1t0.3 0.5q0.1 0.4 0.6 1.6t0.4 1.3q0 0.4-0.6 1t-0.6 0.8q0 0.1 0.1 0.3 0.6 1.3 1.8 2.4 1 0.9 2.7 1.8 0.2 0.1 0.4 0.1 0.3 0 1-0.9t0.9-0.9zM14 26.9q2.3 0 4.3-0.9t3.6-2.4 2.4-3.6 0.9-4.3-0.9-4.3-2.4-3.6-3.6-2.4-4.3-0.9-4.3 0.9-3.6 2.4-2.4 3.6-0.9 4.3q0 3.6 2.1 6.6l-1.4 4.2 4.3-1.4q2.8 1.9 6.2 1.9zM14 2.2q2.7 0 5.2 1.1t4.3 2.9 2.9 4.3 1.1 5.2-1.1 5.2-2.9 4.3-4.3 2.9-5.2 1.1q-3.5 0-6.5-1.7l-7.4 2.4 2.4-7.2q-1.9-3.2-1.9-6.9 0-2.7 1.1-5.2t2.9-4.3 4.3-2.9 5.2-1.1z\"\/><\/svg><\/span><span class=\"shariff-text\">teilen<\/span>&nbsp;<\/a><\/li><li class=\"shariff-button telegram shariff-nocustomcolor\" style=\"background-color:#4084A6\"><a href=\"https:\/\/telegram.me\/share\/url?url=https%3A%2F%2Fgemeinschaft-unabhaengiger-toenisvorster.de%2Findex.php%2F2022%2F01%2F30%2Fwarum-seid-ihr-so-leise-gastkommentar-jetzt-reden-wir-klartext%2F&text=Warum%20seid%20ihr%20so%20leise%3F%20%E2%80%93%20Gastkommentar%3A%20Jetzt%20reden%20wir%20Klartext\" title=\"Bei Telegram teilen\" aria-label=\"Bei Telegram teilen\" role=\"button\" rel=\"noopener nofollow\" class=\"shariff-link\" style=\"; background-color:#0088cc; color:#fff\" target=\"_blank\"><span class=\"shariff-icon\" style=\"\"><svg width=\"32px\" height=\"20px\" xmlns=\"http:\/\/www.w3.org\/2000\/svg\" viewBox=\"0 0 32 32\"><path fill=\"#0088cc\" d=\"M30.8 6.5l-4.5 21.4c-.3 1.5-1.2 1.9-2.5 1.2L16.9 24l-3.3 3.2c-.4.4-.7.7-1.4.7l.5-7L25.5 9.2c.6-.5-.1-.8-.9-.3l-15.8 10L2 16.7c-1.5-.5-1.5-1.5.3-2.2L28.9 4.3c1.3-.5 2.3.3 1.9 2.2z\"\/><\/svg><\/span><span class=\"shariff-text\">teilen<\/span>&nbsp;<\/a><\/li><li class=\"shariff-button threema shariff-nocustomcolor shariff-mobile\" style=\"background-color:#4fbc24\"><a href=\"threema:\/\/compose?text=Warum%20seid%20ihr%20so%20leise%3F%20%E2%80%93%20Gastkommentar%3A%20Jetzt%20reden%20wir%20Klartext%20https%3A%2F%2Fgemeinschaft-unabhaengiger-toenisvorster.de%2Findex.php%2F2022%2F01%2F30%2Fwarum-seid-ihr-so-leise-gastkommentar-jetzt-reden-wir-klartext%2F\" title=\"Bei Threema teilen\" aria-label=\"Bei Threema teilen\" role=\"button\" rel=\"noopener nofollow\" class=\"shariff-link\" style=\"; background-color:#1f1f1f; color:#fff\" target=\"_blank\"><span class=\"shariff-icon\" style=\"\"><svg width=\"32px\" height=\"20px\" xmlns=\"http:\/\/www.w3.org\/2000\/svg\" viewBox=\"0 0 32 32\"><path fill=\"#1f1f1f\" d=\"M30.8 10.9c-0.3-1.4-0.9-2.6-1.8-3.8-2-2.6-5.5-4.5-9.4-5.2-1.3-0.2-1.9-0.3-3.5-0.3s-2.2 0-3.5 0.3c-4 0.7-7.4 2.6-9.4 5.2-0.9 1.2-1.5 2.4-1.8 3.8-0.1 0.5-0.2 1.2-0.2 1.6 0 0.4 0.1 1.1 0.2 1.6 0.4 1.9 1.3 3.4 2.9 5 0.8 0.8 0.8 0.8 0.7 1.3 0 0.6-0.5 1.6-1.7 3.6-0.3 0.5-0.5 0.9-0.5 0.9 0 0.1 0.1 0.1 0.5 0 0.8-0.2 2.3-0.6 5.6-1.6 1.1-0.3 1.3-0.4 2.3-0.4 0.8 0 1.1 0 2.3 0.2 1.5 0.2 3.5 0.2 4.9 0 5.1-0.6 9.3-2.9 11.4-6.3 0.5-0.9 0.9-1.8 1.1-2.8 0.1-0.5 0.2-1.1 0.2-1.6 0-0.7-0.1-1.1-0.2-1.6-0.3-1.4 0.1 0.5 0 0zM20.6 17.3c0 0.4-0.4 0.8-0.8 0.8h-7.7c-0.4 0-0.8-0.4-0.8-0.8v-4.6c0-0.4 0.4-0.8 0.8-0.8h0.2l0-1.6c0-0.9 0-1.8 0.1-2 0.1-0.6 0.6-1.2 1.1-1.7s1.1-0.7 1.9-0.8c1.8-0.3 3.7 0.7 4.2 2.2 0.1 0.3 0.1 0.7 0.1 2.1v0 1.7h0.1c0.4 0 0.8 0.4 0.8 0.8v4.6zM15.6 7.3c-0.5 0.1-0.8 0.3-1.2 0.6s-0.6 0.8-0.7 1.3c0 0.2 0 0.8 0 1.5l0 1.2h4.6v-1.3c0-1 0-1.4-0.1-1.6-0.3-1.1-1.5-1.9-2.6-1.7zM25.8 28.2c0 1.2-1 2.2-2.1 2.2s-2.1-1-2.1-2.1c0-1.2 1-2.1 2.2-2.1s2.2 1 2.2 2.2zM18.1 28.2c0 1.2-1 2.2-2.1 2.2s-2.1-1-2.1-2.1c0-1.2 1-2.1 2.2-2.1s2.2 1 2.2 2.2zM10.4 28.2c0 1.2-1 2.2-2.1 2.2s-2.1-1-2.1-2.1c0-1.2 1-2.1 2.2-2.1s2.2 1 2.2 2.2z\"\/><\/svg><\/span><span class=\"shariff-text\">teilen<\/span>&nbsp;<\/a><\/li><li class=\"shariff-button info shariff-nocustomcolor\" style=\"background-color:#a8a8a8\"><a href=\"http:\/\/ct.de\/-2467514\" title=\"Weitere Informationen\" aria-label=\"Weitere Informationen\" role=\"button\" rel=\"noopener \" class=\"shariff-link\" style=\"; background-color:#999; color:#fff\" target=\"_blank\"><span class=\"shariff-icon\" style=\"\"><svg width=\"32px\" height=\"20px\" xmlns=\"http:\/\/www.w3.org\/2000\/svg\" viewBox=\"0 0 11 32\"><path fill=\"#999\" d=\"M11.4 24v2.3q0 0.5-0.3 0.8t-0.8 0.4h-9.1q-0.5 0-0.8-0.4t-0.4-0.8v-2.3q0-0.5 0.4-0.8t0.8-0.4h1.1v-6.8h-1.1q-0.5 0-0.8-0.4t-0.4-0.8v-2.3q0-0.5 0.4-0.8t0.8-0.4h6.8q0.5 0 0.8 0.4t0.4 0.8v10.3h1.1q0.5 0 0.8 0.4t0.3 0.8zM9.2 3.4v3.4q0 0.5-0.4 0.8t-0.8 0.4h-4.6q-0.4 0-0.8-0.4t-0.4-0.8v-3.4q0-0.4 0.4-0.8t0.8-0.4h4.6q0.5 0 0.8 0.4t0.4 0.8z\"\/><\/svg><\/span><\/a><\/li><\/ul><\/div>\n<p>Viele B\u00fcrgerinnen und B\u00fcrger in T\u00f6nisvorst haben uns in den letzten Wochen gefragt, warum wir in Sachen &#8222;Campus T\u00f6nisvorst&#8220; bzw. Schulzentrum so leise sind, w\u00e4hrend viele andere in der Stadt in gro\u00dfes Lamento zu dem Thema verfallen sind. <\/p>\n\n\n\n<p>Nun, wir wollen allen Beteiligten, im Sinne von Betroffenen der Planungen, die M\u00f6glichkeit geben sich von den ersten Konzeptpapieren einen Eindruck zu verschaffen, um ihren Beitrag auf dem Weg zu einer detaillierteren Planung leisten zu k\u00f6nnen. Dazu werden seit einigen Wochen verschiedene Workshops durchgef\u00fchrt, die auch noch andauern.<\/p>\n\n\n\n<p>Alles Weitere zum aktuellen Stand der Diskussion kommentiert<strong> der Fraktionsvorstand der UWT 2020 im Rat der Stadt T\u00f6nisvorst. Wir danken f\u00fcr diesen Gastbeitrag:<\/strong><\/p>\n\n\n\n<blockquote class=\"wp-block-quote is-layout-flow wp-block-quote-is-layout-flow\"><p><em><strong>\u00bbNa dann, reden wir Klartext:<\/strong><\/em><\/p><p><em>Fraktionen haben sich immer schon in wechselnden Besetzungen, einzeln oder in kleineren Gruppen regelm\u00e4\u00dfig und bei Bedarf zu au\u00dferparlamentarischen Gespr\u00e4chen \u00fcber komplexe oder umstrittene Angelegenheiten getroffen, miteinander Austausch gepflegt und auch mal Konflikte bereinigt. Das geschieht auch heute noch, nur nicht mehr unter Beteiligung der CDU.<\/em><\/p><p><em>Und wer, nur weil man nicht mehr daran beteiligt wird, diese Gespr\u00e4che heute als &#8222;Hinterzimmerpolitik&#8220; (wie geschehen) tituliert, muss sich fragen lassen, wie man das eigene Verhalten nach Jahren eigenen Tuns auf einmal derart diskreditieren kann.<\/em><\/p><p><em>Und die Einladung zu einer &#8222;informellen&#8220;, nicht \u00f6ffentlichen Ratssitzung ohne den B\u00fcrgermeister sollte was darstellen ?<\/em><\/p><p><em>Der Usus au\u00dferparlamentarischer Gespr\u00e4che funktioniert seit der letzten Kommunalwahl mit der CDU nicht mehr. Und das hat Gr\u00fcnde.<\/em><\/p><p><em>Rats- und Ausschusssitzungen, Diskussionen in den sozialen Medien finden seit einigen Monaten in einer Atmosph\u00e4re statt, die solche Gespr\u00e4che unm\u00f6glich machen.<\/em><\/p><p><em>\u00dcber die Gr\u00fcnde k\u00f6nnen wir nur spekulieren. M\u00f6glicherweise findet man sich in der Oppositionsrolle immer noch nicht zu Recht. Was wir erleben, ist, dass man Entt\u00e4uschungen und pers\u00f6nliche Animosit\u00e4ten nicht beiseite lassen kann und anstatt sich auf die Sachpolitik zu konzentrieren, wird auf unertr\u00e4gliche Art und Weise Stimmung gemacht.<\/em><\/p><p><em>Da wird versucht, diejenigen, die eine (andere) Meinung zu Sachthemen haben, mit abf\u00e4lligen Bemerkungen, Gel\u00e4chter, permanentem st\u00f6rendem Gefl\u00fcster, absch\u00e4tzigen und ver\u00e4chtlichen Blicken und weiteren Respektlosigkeiten von der Sacharbeit abzuhalten. Und wir reden hier nicht von \u00fcblichen politischen &#8222;Verbal-Scharm\u00fctzeln&#8220;.<\/em><\/p><p><em>Wir versuchen seit \u00fcber einem Jahr Verst\u00e4ndnis daf\u00fcr aufzubringen, dass es sicherlich gew\u00f6hnungsbed\u00fcrftig ist, nach 16 Jahren des ungehinderten &#8222;Durchregierens&#8220; \u00e4hnliches jetzt mit umgekehrten Vorzeichen zu erleben. Aber bei allem Verst\u00e4ndnis kann man von uns nicht erwarten, dass wir einer Partei, die uns seit Monaten in der oben beschriebenen Weise begegnet, bei einem &#8222;vertraulichen&#8220; Gespr\u00e4chsangebot unter 96 (!) Augen vorbehaltlos begegnen. Irgendwann muss es auch mal gut sein.<\/em><\/p><p><em>Die demonstrierte Verachtung hat zu einer sich stetig steigernden mittlerweile wechselseitigen Kommunikations- und Kompromisslosigkeit gef\u00fchrt. Die Diskreditierung politischer Gegner ist wichtiger geworden als die inhaltliche Auseinandersetzung. Auch wir haben uns mittlerweile leider davon anstecken lassen.<\/em><\/p><p><em>Es ist in allen Fraktionen Thema und nicht nur wir UWTler fragen uns, ob die Teilnahme an Rats- und Ausschusssitzungen gleichbedeutend ist mit dem Verlust von W\u00fcrde und Anstand und ob kommunalpolitische Arbeit tats\u00e4chlich atmosph\u00e4risch derart unangenehm, ekelhaft und belastend sein muss.<\/em><\/p><p><em>Man kann unterschiedlicher Meinung sein. Aber die- oder derjenige, die\/der eine andere Meinung hat, ist immer noch ein Mensch, der Respekt, Anstand und Anerkennung f\u00fcr ihre\/seine Arbeit und ihre\/seine Meinung erwarten darf. Die demonstrierte Verachtung, der fehlende Respekt, die &#8222;Spielchen&#8220; m\u00fcssen aufh\u00f6ren.<\/em><\/p><p><em>Erst wenn alle sich wieder auf einen halbwegs anst\u00e4ndigen und f\u00fcr alle ertr\u00e4glichen Modus eines gemeinsamen Miteinanders im Rat und in den Aussch\u00fcssen verst\u00e4ndigt, vereinbart und diesen eine zeitlang ge\u00fcbt haben, sind in wichtigen F\u00e4lle vertrauensvolle, au\u00dferparlamentarische Gespr\u00e4che f\u00fcr uns wieder m\u00f6glich.<\/em><\/p><p><em>Wir sind bereit, mit allen zu reden, die uns freundlich und zuvorkommend begegnen. Aber das sind unsere berechtigten Bedingungen.<\/em><\/p><p><em>Und so lange dieses Zuvorkommen in den Sitzungen nicht m\u00f6glich ist, m\u00f6chten wir informelle Gespr\u00e4che in dringenden F\u00e4llen allenfalls auf der Ebene der Fraktionsf\u00fchrung oder wenn auch das nicht m\u00f6glich ist, im \u00c4ltestenrat f\u00fchren.<\/em><\/p><p><em>Die bereits ge\u00e4u\u00dferte Unterstellung, wir w\u00fcrden mit dieser Haltung den demokratischen Prozess unterbinden und die Mitglieder unserer Fraktion mundtot machen wollen, zeigt uns auf, wie man offensichtlich in der eigenen Fraktion die Dinge handhabt. In unserer Fraktion gibt es so etwas nicht. Wir haben das Gespr\u00e4chsangebot der CDU aus den dargelegten Gr\u00fcnden abgelehnt. Die Meinungen in unserer Fraktion, die sachkundigen B\u00fcrger eingeschlossen, dazu waren einhellig.<\/em><\/p><p><em>Dar\u00fcber hinaus war und ist auch das Thema des Gespr\u00e4ches f\u00fcr uns nicht von Relevanz.<\/em><\/p><p><em>Uns war bekannt, dass es um die Beauftragung von Wirtschaftlichkeits- und Machbarkeitsstudien gehen sollte. Motive und Argumente f\u00fcr diese Idee waren und sind durchaus erkennbar und nachvollziehbar, f\u00fcr die Menschen in der Stadt, die daf\u00fcr viel Geld bezahlen sollen, jedoch ohne Relevanz.<\/em><\/p><p><em><strong>Die CDU hat ein Problem.<\/strong><\/em><\/p><p><em>Man hat wochenlang die B\u00fcrger*innen mit unvollst\u00e4ndigen Informationen in &#8222;Stimmung&#8220; gegen den Campus gebracht. Das Motiv war ausschlie\u00dflich, zu verhindern, dass die Idee von SPD\/Gr\u00fcnen\/GUT, der wir uns aus \u00dcberzeugung und aufgrund einstimmiger Meinung innerhalb der Fraktion angeschlossen haben, Platz greift Es ging nicht inhaltlich um die Idee, um die Schulen, um die Kinder, um den Gedanken, um einen wirklich konstruktiven Diskurs, sondern es ging nur darum, den politischen Gegner auszubremsen. Man war von Anfang an nicht bereit, auch nur ein Auge auf die Idee zuwerfen, sich nur mal im Ansatz damit zu besch\u00e4ftigen, denn die Idee kam von der verhassten SPD und es galt sie zu bek\u00e4mpfen.<\/em><\/p><p><em>Dass das Thema Schulbauten brisant ist, hat man erst im Laufe der Diskussionen gemerkt. Als die ersten Fotos von den Schulbesichtigungen erschienen, wurde klar, dass man dieses Problem nicht einfach ignorieren kann.<\/em><\/p><p><em>Trotzdem blieb man aus Prinzip dabei, dass die Idee der SPD schlecht sei und polemisierte und agierte mit allen Kr\u00e4ften dagegen.<\/em><\/p><p><em>Leider schaffte man es nicht, eine eigene Idee zur L\u00f6sung des Schulproblems zu entwickeln. Aber zum Gl\u00fcck (der CDU) kamen die Anlieger des Wasserturm-Grundst\u00fccks auf den Plan und der stellvertretende Schulleiter des MEG, der \u00fcberraschender Weise beseelt von dem Gedanken ist, &#8222;sein&#8220; Schulgeb\u00e4ude unbedingt behalten zu wollen, entwickelte ebenfalls Ideen.<\/em><\/p><p><em>Und froh dar\u00fcber, endlich Gegenvorschl\u00e4ge zu haben, lie\u00df man zu , dass einige Anlieger (die ausschlie\u00dflich ihre eigenen pers\u00f6nlichen und wirtschaftlichen Interessen verfolgen, die gegen einen Schulneubau vor ihrer Haust\u00fcr sind, deren private Interessen aber naturgem\u00e4\u00df nicht die vielf\u00e4ltigen Interessen der Stadtgemeinschaft ber\u00fccksichtigen) sich als vermeintliche Mehrheitsmeinung gerierten. Man benutzte die Campcorn-Initiative um dem eigenen &#8222;Veto-aus-Prinzip&#8220; scheinbar Fundament zu geben.<\/em><\/p><p><em>Und auch die Ideen des Herrn Folz, der unerm\u00fcdlich Elternvertretung, Eltern und Sch\u00fclerinnen f\u00fcr seine Idee mobilisierte, kamen politisch gelegen. Und es fiel niemandem auf, dass man selber immer noch immer keine Idee hatte. Es ging ja auch nicht um die L\u00f6sung des Problems, sondern es war immer noch nur wichtig den politischen Gegnern etwas entgegen setzen zu k\u00f6nnen und da kamen die politisch engagierten B\u00fcrgerinnen und der stellvertretende Schulleiter gerade Recht.<\/em><\/p><p><em>Fatal wurde es aber dann, als man merkte, dass die Ideen der Initiativen nicht wirklich umsetzbar sein werden und alles darauf hinaus l\u00e4uft, dass der Campus tats\u00e4chlich die einzige tragf\u00e4hige Idee sein wird.<\/em><\/p><p><em>Das Dilemma: Man weiss nicht, wie man, ohne die Fans aus den Initiativen zu verlieren, weiterkommen soll. Es ist wie mit des Kaisers neuen Kleidern. Man m\u00fcsste es aussprechen. Man m\u00fcsste vern\u00fcnftig sein und den Initiativen ehrlich erkl\u00e4ren, dass und warum ihre Pl\u00e4ne nicht tragf\u00e4hig sind. Aber was dann ? Dann st\u00fcnde man als &#8222;Verr\u00e4ter&#8220; da, dann w\u00fcrde sich der Groll der Anh\u00e4nger der Initiativen auch gegen die CDU richten. Und das m\u00f6chte man nat\u00fcrlich unter allen Umst\u00e4nden vermeiden.<\/em><\/p><p><em>Die L\u00f6sung: Man beantragt die Einholung von teuren Gutachten zu Machbarkeit und Wirtschaftlichkeit ALLER Modelle. Dann muss man sich nicht selbst in den Wind stellen, dann gibt es Dritte, die schon erkl\u00e4ren werden, was richtig w\u00e4re und dann ist man aus dem Schneider.<\/em><\/p><p><em>Und man plant, die anderen Parteien von dieser Idee \u00fcberzeugen zu wollen. Auf einmal m\u00f6chte man sein eigenes Verhalten ignorieren, man w\u00fcnscht einen gro\u00dfen Konsens und appelliert an die Beteiligten, man solle doch wieder miteinander reden, sich vertrauen, an einen Tisch kommen, gemeinsam genau diese Idee mit zu tragen. Ein breiter Konsens, das w\u00e4re doch w\u00fcnschenswert zum Wohle der B\u00fcrger*innen. Denn damit h\u00e4tte man das Problem vom Tisch.<\/em><\/p><p><em>Und wenn die anderen das so freundlich angemahnte gemeinsame Gespr\u00e4ch ablehnen, dann geht man wenigstens an die Presse (wir wussten genau, dass das kommen w\u00fcrde ), dann sind die Anderen diejenigen, die man als gespr\u00e4chsunwillig und kompromissunf\u00e4hig hinstellen kann und vor allem kann man den Initiativen dann sagen: &#8222;Tut uns leid, wir haben alles versucht aber ohne Gutachten k\u00f6nnen wir leider keine Entscheidung treffen aber DIE wollen das nicht&#8220; und dann l\u00e4sst man die anderen die Verantwortung \u00fcbernehmen. Kein Gesichtsverlust, kein Verlust von W\u00e4hlerstimmen. Guter Schachzug?<\/em><\/p><p><em>So? Nicht mit uns!<\/em><\/p><p><em><strong>Jetzt f\u00fchren wir das Gespr\u00e4ch \u00f6ffentlich.<\/strong><\/em><\/p><p><em>F\u00fcr eine sachgerechte Politik in Sachen Schulneubau braucht zum jetzigen Zeitpunkt niemand (au\u00dfer der CDU) ein Gutachten.<\/em><\/p><p><em>Diesen kostenintensiven Vorschlag, der nur der Rettung der eigenen (CDU-) Haut dient und unter keinem Gesichtspunkt erforderlich ist, werden wir nicht mit tragen<\/em><\/p><p><em>Wir haben Verst\u00e4ndnis daf\u00fcr, dass man innerhalb der CDU nach einer L\u00f6sung f\u00fcr das dort selbst verursachte eigene Dilemma sucht. Wir lassen aber nicht zu, dass Geld der B\u00fcrger*innen f\u00fcr die L\u00f6sung von CDU-Problemen beansprucht wird.<\/em><\/p><p><em>Campcorn ist f\u00fcr die CDU zur Belastung geworden und man wei\u00df nicht, wie man es den Initiator*innen vermitteln soll.<\/em><\/p><p><em>Die Campcorn-Idee beruht auf der fehlerhaften Annahme, dass die Sanierung des Gymnasiums &#8222;nur&#8220; 14 Mio \u20ac koste. Dass diese Annahme realit\u00e4tsfern ist, ist allen klar. Dass die Kosten der erforderlichen vollst\u00e4ndigen Sanierung sich in einer \u00e4hnlichen Gr\u00f6\u00dfenordnung wie der Neubau bewegen werden, wird gerade ermittelt, das Ergebnis ist erwartbar.<\/em><\/p><p><em>Mit den weiteren gravierenden M\u00e4ngeln des B\u00fcrgerbegehrens braucht man sich zum jetzigen Zeitpunkt nicht zu besch\u00e4ftigen. Die erforderlichen RNG-Geb\u00e4ude k\u00f6nnen im Corneliusfeld nicht gebaut werden. Es wird Zeit, dass man der Initiative das jetzt erkl\u00e4rt.<\/em><\/p><p><em>Auch kann keine Fraktion mit Verstand eine Idee weiter verfolgen, bei der das Gymnasium bei laufendem Betrieb kernsaniert werden soll zu einem Preis, zu dem die Schule v\u00f6llig neu an anderer Stelle gebaut werden kann. Auch das weiss jede(r). Dazu braucht niemand ein Gutachten, dazu reichen das Wissen und die Kostenkalkulationen der Verwaltung.<\/em><\/p><p><em>Die Idee des MEG, das Gymnasium zu sanieren und nur das RNG am Wasserturm neu zu bauen, k\u00f6nnte eventuell noch eine Alternative zu sein, \u00fcber die man wirklich nachdenken k\u00f6nnte. Aber nicht zum jetzigen Zeitpunkt.<\/em><\/p><p><em>Die Denk-Reihenfolge ist folgende:<\/em><\/p><p><em>Das RNG wird auf jeden Fall abgerissen, das Gel\u00e4nde wird f\u00fcr den Bau einer Klimaschutzsiedlung genutzt.<\/em><\/p><p><em>Mindestens ein Schulgeb\u00e4ude muss am Wasserturm vorher neu gebaut werden. (s.o.)<\/em><\/p><p><em>Das Grundst\u00fcck am Wasserturm ist daf\u00fcr geeignet und steht zur Verf\u00fcgung. Ein anderes passenderes Grundst\u00fcck steht nicht zur Verf\u00fcgung.<\/em><\/p><p><em>Eine Sanierung des MEG (nehmen wir an, sie ist gleich oder nur geringf\u00fcgig teurer als der Neubau) kommt nur in Betracht, wenn zuvor das neue Geb\u00e4ude existiert und f\u00fcr den Zeitraum der Sanierung eine Schule umgesiedelt werden kann. Ob dies das RNG oder das MEG sein sollte, kann noch \u00fcberlegt werden. Man k\u00f6nnte auch noch den Gedanken, nicht das RNG, sondern das Gymnasium am Turmgel\u00e4nde neu zu bauen, verfolgen, dann w\u00fcrde nach der Sanierung des MEG das RNG dort einziehen, wodurch man zumindest zwei komplette Schulumz\u00fcge vermeiden w\u00fcrde.<\/em><\/p><p><em>Die Bezirksregierung hat das Campus-Projekt begr\u00fc\u00dft. Das Projekt als GANZES. Ber\u00fccksichtigung fand dabei nicht nur der Bau BEIDER Schulen, sondern das Freiwerden der beiden gro\u00dfen innerst\u00e4dtischen Grundst\u00fccke f\u00fcr sozialen und nachhaltigen Wohnungsbau, letzteres als \u00f6kologischer Ausgleich f\u00fcr die Verdichtung der Ackerfl\u00e4chen. Bauen wir nur eine Schule, steht die Zustimmung der Bezirksregierung in Frage, weil der \u00d6ko-Ausgleich fraglich werden k\u00f6nnte. Dieser Punkt muss zuerst gekl\u00e4rt werden und wird auch gekl\u00e4rt.<\/em><\/p><p><em>Erst danach, wenn die Bezirksregierung den Bau auch nur einer Schule billigt und das Gel\u00e4nde daf\u00fcr freigibt (vielleicht unter der Auflage, dass zum \u00f6kologischen Ausgleich nachhaltiger neuer Wohnungsbau in diesem Fall nicht auf dem ganzen MEG-Gel\u00e4nde aber zumindest auf den Freifl\u00e4chen stattfinden muss) kann man die Idee nur eine Schule am Wasserturm zu bauen weiter denken. Zum jetzigen Zeitpunkt braucht auch daf\u00fcr niemand ein Gutachten.<\/em><\/p><p><em>Denn wenn die Bezirksregierung zum Folz`schen Modell nein sagt, bleibt nur die Campus-L\u00f6sung. Und daf\u00fcr muss niemand mit hohen Kosten ein Gutachten erstellen lassen. Dann m\u00fcssen alle mit allen Konsequenzen &#8222;da durch&#8220;.<\/em><\/p><p><em>Der Idee der CDU Wirtschaftlichkeitsgutachten und Machbarkeitsstudien f\u00fcr ALLE Modelle einzuholen, werden wir zum jetzigen Zeitpunkt aus den dargelegten Gr\u00fcnden unter keinen Umst\u00e4nden zustimmen. Dazu bedarf es keiner Gespr\u00e4che mit uns. Wir werden den dadurch entstehenden enormen zus\u00e4tzlichen Kosten nicht unser Ja geben. Die Gutachten sind nicht erforderlich.<\/em><\/p><p><em>Wir haben zwei komplett abgewirtschaftete weiterf\u00fchrende Schulen. Wir werden in den n\u00e4chsten Jahren f\u00fcr diese beiden Schulen mehrstellige Millionenbetr\u00e4ge ausgeben m\u00fcssen, die finanziert werden m\u00fcssen.<\/em><\/p><p><em>Und bei dem durch die Gazetten und das Netz gehenden &#8222;Aufschrei&#8220; , dass die Kosten der Finanzierung der Schulen am Campus nach den vorl\u00e4ufigen Berechnungen der K\u00e4mmerin ca. 1,5 Mio \u20ac p.a. f\u00fcr die Stadt bedeuten werden, erlauben wir uns ALLE daran zu erinnern, dass man noch vor wenigen Monaten in nahezu allen Fraktionen, auch in der CDU \u00fcberhaupt kein Problem darin sah, eine j\u00e4hrlichen Kostenbelastung nur durch das Schwimmbad in H\u00f6he von 1,2, Mio. (Tendenz in den n\u00e4chsten Jahren steigend) im Rat durch zu winken.<\/em><\/p><p><em>Wer jetzt, wenn es um beide weiterf\u00fchrenden Schulen geht, die B\u00fcrgerinnen versucht Glauben zu machen, dass die kalkulierten zu erwartenden Kosten f\u00fcr die Schulen den &#8222;Ruin&#8220; der Stadt bedeuten w\u00fcrde, betreibt nicht Sachpolitik, sondern benutzt ausschlie\u00dflich parteipolitisch motivierte, billige Polemik. Das haben die B\u00fcrgerinnen der Stadt nicht verdient.<\/em><\/p><p><em>Wir haben keine Wahl. Man hat die Schulen in den letzten 20 Jahren kaputt gespart. Die vergleichsweise geringe Pro-Kopf-Verschuldung der T\u00f6nisvorster B\u00fcrger*innen ist ein Scheingebilde. Wir haben diese gute Quote nur deshalb, weil nichts in den Erhalt der Schulgeb\u00e4ude investiert wurde und wir k\u00f6nnen nur versuchen, sie mit den beiden Neubauten &#8211; wie von der K\u00e4mmerin bisher errechnet &#8211; immer noch unter dem Durchschnitt der PK-Verschuldung im Kreis zu halten.<\/em><\/p><p><em>Wir werden nach der Entscheidung der Bezirksregierung und nach Beendigung der B\u00fcrgerbeteiligung alle zu entscheiden haben, ob Campus ja oder nein.<\/em><\/p><p><em>Wir sind gespannt auf die Ergebnisse der Workshops. Das sind die Ideen und Stimmen der Sch\u00fclerinnen, der B\u00fcrgerinnen, der Eltern, der Vereine, die Stimmen derer, die unmittelbar von der Planung betroffen sind, die die Mehrheit bilden und \u00fcberwiegend davon betroffen sind und profitieren werden. Diese Stimmen haben Relevanz, sie sind so wichtig und wertvoll. Wir werden sie sorgf\u00e4ltig in unsere \u00dcberlegungen einflie\u00dfen lassen.<\/em><\/p><p><em>Und dann, erst danach werden wir entscheiden.<\/em><\/p><p><em>Und bis dahin w\u00fcnschen wir uns, dass sich im Rat und in den Aussch\u00fcssen der Umgang miteinander nachhaltig verbessert, damit wir dann mit allen Fraktionen ohne \u00fcberfl\u00fcssige Ressentiments und in Ruhe \u00fcber diese gro\u00dfe Aufgabe, f\u00fcr die wir alle die Verantwortung tragen, miteinander sprechen und beraten k\u00f6nnen und hoffentlich eine gemeinsame gute Entscheidung treffen werden.\u00ab<\/em><\/p><cite><strong>Gastkommentar<\/strong> der Fraktion UWT 2020 im Rat der Stadt T\u00f6nisvorst<\/cite><\/blockquote>\n","protected":false},"excerpt":{"rendered":"<p>Viele B\u00fcrgerinnen und B\u00fcrger in T\u00f6nisvorst haben uns in den letzten Wochen gefragt, warum wir in Sachen &#8222;Campus T\u00f6nisvorst&#8220; bzw. Schulzentrum so leise sind, w\u00e4hrend viele andere in der Stadt in gro\u00dfes Lamento zu dem[&#8230;]<\/p>\n","protected":false},"author":2,"featured_media":806,"comment_status":"closed","ping_status":"closed","sticky":false,"template":"","format":"standard","meta":{"footnotes":""},"categories":[1,3],"tags":[62,69,564,541,22,123,523,524,569,124,82,72,525,46,570,136],"class_list":["post-1773","post","type-post","status-publish","format-standard","has-post-thumbnail","hentry","category-neuigkeiten","category-antraege-der-gut-fraktion","tag-bauen","tag-bildung","tag-campus","tag-campus-toenisvorst","tag-cdu","tag-familie","tag-gesamtschule","tag-gymnasium","tag-heidrun-sorgalla","tag-kinder","tag-planung","tag-schule","tag-schulzentrum","tag-uwt","tag-uwt-2020","tag-verwaltungsneubau"],"_links":{"self":[{"href":"https:\/\/gemeinschaft-unabhaengiger-toenisvorster.de\/index.php\/wp-json\/wp\/v2\/posts\/1773","targetHints":{"allow":["GET"]}}],"collection":[{"href":"https:\/\/gemeinschaft-unabhaengiger-toenisvorster.de\/index.php\/wp-json\/wp\/v2\/posts"}],"about":[{"href":"https:\/\/gemeinschaft-unabhaengiger-toenisvorster.de\/index.php\/wp-json\/wp\/v2\/types\/post"}],"author":[{"embeddable":true,"href":"https:\/\/gemeinschaft-unabhaengiger-toenisvorster.de\/index.php\/wp-json\/wp\/v2\/users\/2"}],"replies":[{"embeddable":true,"href":"https:\/\/gemeinschaft-unabhaengiger-toenisvorster.de\/index.php\/wp-json\/wp\/v2\/comments?post=1773"}],"version-history":[{"count":5,"href":"https:\/\/gemeinschaft-unabhaengiger-toenisvorster.de\/index.php\/wp-json\/wp\/v2\/posts\/1773\/revisions"}],"predecessor-version":[{"id":1782,"href":"https:\/\/gemeinschaft-unabhaengiger-toenisvorster.de\/index.php\/wp-json\/wp\/v2\/posts\/1773\/revisions\/1782"}],"wp:featuredmedia":[{"embeddable":true,"href":"https:\/\/gemeinschaft-unabhaengiger-toenisvorster.de\/index.php\/wp-json\/wp\/v2\/media\/806"}],"wp:attachment":[{"href":"https:\/\/gemeinschaft-unabhaengiger-toenisvorster.de\/index.php\/wp-json\/wp\/v2\/media?parent=1773"}],"wp:term":[{"taxonomy":"category","embeddable":true,"href":"https:\/\/gemeinschaft-unabhaengiger-toenisvorster.de\/index.php\/wp-json\/wp\/v2\/categories?post=1773"},{"taxonomy":"post_tag","embeddable":true,"href":"https:\/\/gemeinschaft-unabhaengiger-toenisvorster.de\/index.php\/wp-json\/wp\/v2\/tags?post=1773"}],"curies":[{"name":"wp","href":"https:\/\/api.w.org\/{rel}","templated":true}]}}