{"id":1645,"date":"2021-09-22T20:08:51","date_gmt":"2021-09-22T18:08:51","guid":{"rendered":"https:\/\/gemeinschaft-unabhaengiger-toenisvorster.de\/?p=1645"},"modified":"2021-09-22T20:27:43","modified_gmt":"2021-09-22T18:27:43","slug":"ein-ganz-normaler-schultag-erlebnisbericht-aus-dem-toenisvorster-schulzentrum","status":"publish","type":"post","link":"https:\/\/gemeinschaft-unabhaengiger-toenisvorster.de\/index.php\/2021\/09\/22\/ein-ganz-normaler-schultag-erlebnisbericht-aus-dem-toenisvorster-schulzentrum\/","title":{"rendered":"Ein ganz normaler Schultag &#8211; Erlebnisbericht aus dem T\u00f6nisvorster Schulzentrum"},"content":{"rendered":"<div class=\"shariff shariff-align-left shariff-widget-align-left shariff-buttonstretch\" style=\"display:none\"><ul class=\"shariff-buttons theme-color orientation-horizontal buttonsize-small\"><li class=\"shariff-button mailto shariff-nocustomcolor\" style=\"background-color:#a8a8a8\"><a href=\"mailto:?body=https%3A%2F%2Fgemeinschaft-unabhaengiger-toenisvorster.de%2Findex.php%2F2021%2F09%2F22%2Fein-ganz-normaler-schultag-erlebnisbericht-aus-dem-toenisvorster-schulzentrum%2F&subject=Ein%20ganz%20normaler%20Schultag%20%E2%80%93%20Erlebnisbericht%20aus%20dem%20T%C3%B6nisvorster%20Schulzentrum\" title=\"Per E-Mail versenden\" aria-label=\"Per E-Mail versenden\" role=\"button\" rel=\"noopener nofollow\" class=\"shariff-link\" style=\"; background-color:#999; color:#fff\"><span class=\"shariff-icon\" style=\"\"><svg width=\"32px\" height=\"20px\" xmlns=\"http:\/\/www.w3.org\/2000\/svg\" viewBox=\"0 0 32 32\"><path fill=\"#999\" d=\"M32 12.7v14.2q0 1.2-0.8 2t-2 0.9h-26.3q-1.2 0-2-0.9t-0.8-2v-14.2q0.8 0.9 1.8 1.6 6.5 4.4 8.9 6.1 1 0.8 1.6 1.2t1.7 0.9 2 0.4h0.1q0.9 0 2-0.4t1.7-0.9 1.6-1.2q3-2.2 8.9-6.1 1-0.7 1.8-1.6zM32 7.4q0 1.4-0.9 2.7t-2.2 2.2q-6.7 4.7-8.4 5.8-0.2 0.1-0.7 0.5t-1 0.7-0.9 0.6-1.1 0.5-0.9 0.2h-0.1q-0.4 0-0.9-0.2t-1.1-0.5-0.9-0.6-1-0.7-0.7-0.5q-1.6-1.1-4.7-3.2t-3.6-2.6q-1.1-0.7-2.1-2t-1-2.5q0-1.4 0.7-2.3t2.1-0.9h26.3q1.2 0 2 0.8t0.9 2z\"\/><\/svg><\/span><span class=\"shariff-text\">E-Mail<\/span>&nbsp;<\/a><\/li><li class=\"shariff-button printer shariff-nocustomcolor\" style=\"background-color:#a8a8a8\"><a href=\"javascript:window.print()\" title=\"drucken\" aria-label=\"drucken\" role=\"button\" rel=\"noopener nofollow\" class=\"shariff-link\" style=\"; background-color:#999; color:#fff\"><span class=\"shariff-icon\" style=\"\"><svg width=\"32px\" height=\"20px\" xmlns=\"http:\/\/www.w3.org\/2000\/svg\" viewBox=\"0 0 30 32\"><path fill=\"#999\" d=\"M6.8 27.4h16v-4.6h-16v4.6zM6.8 16h16v-6.8h-2.8q-0.7 0-1.2-0.5t-0.5-1.2v-2.8h-11.4v11.4zM27.4 17.2q0-0.5-0.3-0.8t-0.8-0.4-0.8 0.4-0.3 0.8 0.3 0.8 0.8 0.3 0.8-0.3 0.3-0.8zM29.7 17.2v7.4q0 0.2-0.2 0.4t-0.4 0.2h-4v2.8q0 0.7-0.5 1.2t-1.2 0.5h-17.2q-0.7 0-1.2-0.5t-0.5-1.2v-2.8h-4q-0.2 0-0.4-0.2t-0.2-0.4v-7.4q0-1.4 1-2.4t2.4-1h1.2v-9.7q0-0.7 0.5-1.2t1.2-0.5h12q0.7 0 1.6 0.4t1.3 0.8l2.7 2.7q0.5 0.5 0.9 1.4t0.4 1.6v4.6h1.1q1.4 0 2.4 1t1 2.4z\"\/><\/svg><\/span><span class=\"shariff-text\">drucken<\/span>&nbsp;<\/a><\/li><li class=\"shariff-button facebook shariff-nocustomcolor\" style=\"background-color:#4273c8\"><a href=\"https:\/\/www.facebook.com\/sharer\/sharer.php?u=https%3A%2F%2Fgemeinschaft-unabhaengiger-toenisvorster.de%2Findex.php%2F2021%2F09%2F22%2Fein-ganz-normaler-schultag-erlebnisbericht-aus-dem-toenisvorster-schulzentrum%2F\" title=\"Bei Facebook teilen\" aria-label=\"Bei Facebook teilen\" role=\"button\" rel=\"nofollow\" class=\"shariff-link\" style=\"; background-color:#3b5998; color:#fff\" target=\"_blank\"><span class=\"shariff-icon\" style=\"\"><svg width=\"32px\" height=\"20px\" xmlns=\"http:\/\/www.w3.org\/2000\/svg\" viewBox=\"0 0 18 32\"><path fill=\"#3b5998\" d=\"M17.1 0.2v4.7h-2.8q-1.5 0-2.1 0.6t-0.5 1.9v3.4h5.2l-0.7 5.3h-4.5v13.6h-5.5v-13.6h-4.5v-5.3h4.5v-3.9q0-3.3 1.9-5.2t5-1.8q2.6 0 4.1 0.2z\"\/><\/svg><\/span><span class=\"shariff-text\">teilen<\/span>&nbsp;<\/a><\/li><li class=\"shariff-button twitter shariff-nocustomcolor\" style=\"background-color:#595959\"><a href=\"https:\/\/twitter.com\/share?url=https%3A%2F%2Fgemeinschaft-unabhaengiger-toenisvorster.de%2Findex.php%2F2021%2F09%2F22%2Fein-ganz-normaler-schultag-erlebnisbericht-aus-dem-toenisvorster-schulzentrum%2F&text=Ein%20ganz%20normaler%20Schultag%20%E2%80%93%20Erlebnisbericht%20aus%20dem%20T%C3%B6nisvorster%20Schulzentrum\" title=\"Bei X teilen\" aria-label=\"Bei X teilen\" role=\"button\" rel=\"noopener nofollow\" class=\"shariff-link\" style=\"; background-color:#000; color:#fff\" target=\"_blank\"><span class=\"shariff-icon\" style=\"\"><svg width=\"32px\" height=\"20px\" xmlns=\"http:\/\/www.w3.org\/2000\/svg\" viewBox=\"0 0 24 24\"><path fill=\"#000\" d=\"M14.258 10.152L23.176 0h-2.113l-7.747 8.813L7.133 0H0l9.352 13.328L0 23.973h2.113l8.176-9.309 6.531 9.309h7.133zm-2.895 3.293l-.949-1.328L2.875 1.56h3.246l6.086 8.523.945 1.328 7.91 11.078h-3.246zm0 0\"\/><\/svg><\/span><span class=\"shariff-text\">teilen<\/span>&nbsp;<\/a><\/li><li class=\"shariff-button whatsapp shariff-nocustomcolor\" style=\"background-color:#5cbe4a\"><a href=\"https:\/\/api.whatsapp.com\/send?text=https%3A%2F%2Fgemeinschaft-unabhaengiger-toenisvorster.de%2Findex.php%2F2021%2F09%2F22%2Fein-ganz-normaler-schultag-erlebnisbericht-aus-dem-toenisvorster-schulzentrum%2F%20Ein%20ganz%20normaler%20Schultag%20%E2%80%93%20Erlebnisbericht%20aus%20dem%20T%C3%B6nisvorster%20Schulzentrum\" title=\"Bei Whatsapp teilen\" aria-label=\"Bei Whatsapp teilen\" role=\"button\" rel=\"noopener nofollow\" class=\"shariff-link\" style=\"; background-color:#34af23; color:#fff\" target=\"_blank\"><span class=\"shariff-icon\" style=\"\"><svg width=\"32px\" height=\"20px\" xmlns=\"http:\/\/www.w3.org\/2000\/svg\" viewBox=\"0 0 32 32\"><path fill=\"#34af23\" d=\"M17.6 17.4q0.2 0 1.7 0.8t1.6 0.9q0 0.1 0 0.3 0 0.6-0.3 1.4-0.3 0.7-1.3 1.2t-1.8 0.5q-1 0-3.4-1.1-1.7-0.8-3-2.1t-2.6-3.3q-1.3-1.9-1.3-3.5v-0.1q0.1-1.6 1.3-2.8 0.4-0.4 0.9-0.4 0.1 0 0.3 0t0.3 0q0.3 0 0.5 0.1t0.3 0.5q0.1 0.4 0.6 1.6t0.4 1.3q0 0.4-0.6 1t-0.6 0.8q0 0.1 0.1 0.3 0.6 1.3 1.8 2.4 1 0.9 2.7 1.8 0.2 0.1 0.4 0.1 0.3 0 1-0.9t0.9-0.9zM14 26.9q2.3 0 4.3-0.9t3.6-2.4 2.4-3.6 0.9-4.3-0.9-4.3-2.4-3.6-3.6-2.4-4.3-0.9-4.3 0.9-3.6 2.4-2.4 3.6-0.9 4.3q0 3.6 2.1 6.6l-1.4 4.2 4.3-1.4q2.8 1.9 6.2 1.9zM14 2.2q2.7 0 5.2 1.1t4.3 2.9 2.9 4.3 1.1 5.2-1.1 5.2-2.9 4.3-4.3 2.9-5.2 1.1q-3.5 0-6.5-1.7l-7.4 2.4 2.4-7.2q-1.9-3.2-1.9-6.9 0-2.7 1.1-5.2t2.9-4.3 4.3-2.9 5.2-1.1z\"\/><\/svg><\/span><span class=\"shariff-text\">teilen<\/span>&nbsp;<\/a><\/li><li class=\"shariff-button telegram shariff-nocustomcolor\" style=\"background-color:#4084A6\"><a href=\"https:\/\/telegram.me\/share\/url?url=https%3A%2F%2Fgemeinschaft-unabhaengiger-toenisvorster.de%2Findex.php%2F2021%2F09%2F22%2Fein-ganz-normaler-schultag-erlebnisbericht-aus-dem-toenisvorster-schulzentrum%2F&text=Ein%20ganz%20normaler%20Schultag%20%E2%80%93%20Erlebnisbericht%20aus%20dem%20T%C3%B6nisvorster%20Schulzentrum\" title=\"Bei Telegram teilen\" aria-label=\"Bei Telegram teilen\" role=\"button\" rel=\"noopener nofollow\" class=\"shariff-link\" style=\"; background-color:#0088cc; color:#fff\" target=\"_blank\"><span class=\"shariff-icon\" style=\"\"><svg width=\"32px\" height=\"20px\" xmlns=\"http:\/\/www.w3.org\/2000\/svg\" viewBox=\"0 0 32 32\"><path fill=\"#0088cc\" d=\"M30.8 6.5l-4.5 21.4c-.3 1.5-1.2 1.9-2.5 1.2L16.9 24l-3.3 3.2c-.4.4-.7.7-1.4.7l.5-7L25.5 9.2c.6-.5-.1-.8-.9-.3l-15.8 10L2 16.7c-1.5-.5-1.5-1.5.3-2.2L28.9 4.3c1.3-.5 2.3.3 1.9 2.2z\"\/><\/svg><\/span><span class=\"shariff-text\">teilen<\/span>&nbsp;<\/a><\/li><li class=\"shariff-button threema shariff-nocustomcolor shariff-mobile\" style=\"background-color:#4fbc24\"><a href=\"threema:\/\/compose?text=Ein%20ganz%20normaler%20Schultag%20%E2%80%93%20Erlebnisbericht%20aus%20dem%20T%C3%B6nisvorster%20Schulzentrum%20https%3A%2F%2Fgemeinschaft-unabhaengiger-toenisvorster.de%2Findex.php%2F2021%2F09%2F22%2Fein-ganz-normaler-schultag-erlebnisbericht-aus-dem-toenisvorster-schulzentrum%2F\" title=\"Bei Threema teilen\" aria-label=\"Bei Threema teilen\" role=\"button\" rel=\"noopener nofollow\" class=\"shariff-link\" style=\"; background-color:#1f1f1f; color:#fff\" target=\"_blank\"><span class=\"shariff-icon\" style=\"\"><svg width=\"32px\" height=\"20px\" xmlns=\"http:\/\/www.w3.org\/2000\/svg\" viewBox=\"0 0 32 32\"><path fill=\"#1f1f1f\" d=\"M30.8 10.9c-0.3-1.4-0.9-2.6-1.8-3.8-2-2.6-5.5-4.5-9.4-5.2-1.3-0.2-1.9-0.3-3.5-0.3s-2.2 0-3.5 0.3c-4 0.7-7.4 2.6-9.4 5.2-0.9 1.2-1.5 2.4-1.8 3.8-0.1 0.5-0.2 1.2-0.2 1.6 0 0.4 0.1 1.1 0.2 1.6 0.4 1.9 1.3 3.4 2.9 5 0.8 0.8 0.8 0.8 0.7 1.3 0 0.6-0.5 1.6-1.7 3.6-0.3 0.5-0.5 0.9-0.5 0.9 0 0.1 0.1 0.1 0.5 0 0.8-0.2 2.3-0.6 5.6-1.6 1.1-0.3 1.3-0.4 2.3-0.4 0.8 0 1.1 0 2.3 0.2 1.5 0.2 3.5 0.2 4.9 0 5.1-0.6 9.3-2.9 11.4-6.3 0.5-0.9 0.9-1.8 1.1-2.8 0.1-0.5 0.2-1.1 0.2-1.6 0-0.7-0.1-1.1-0.2-1.6-0.3-1.4 0.1 0.5 0 0zM20.6 17.3c0 0.4-0.4 0.8-0.8 0.8h-7.7c-0.4 0-0.8-0.4-0.8-0.8v-4.6c0-0.4 0.4-0.8 0.8-0.8h0.2l0-1.6c0-0.9 0-1.8 0.1-2 0.1-0.6 0.6-1.2 1.1-1.7s1.1-0.7 1.9-0.8c1.8-0.3 3.7 0.7 4.2 2.2 0.1 0.3 0.1 0.7 0.1 2.1v0 1.7h0.1c0.4 0 0.8 0.4 0.8 0.8v4.6zM15.6 7.3c-0.5 0.1-0.8 0.3-1.2 0.6s-0.6 0.8-0.7 1.3c0 0.2 0 0.8 0 1.5l0 1.2h4.6v-1.3c0-1 0-1.4-0.1-1.6-0.3-1.1-1.5-1.9-2.6-1.7zM25.8 28.2c0 1.2-1 2.2-2.1 2.2s-2.1-1-2.1-2.1c0-1.2 1-2.1 2.2-2.1s2.2 1 2.2 2.2zM18.1 28.2c0 1.2-1 2.2-2.1 2.2s-2.1-1-2.1-2.1c0-1.2 1-2.1 2.2-2.1s2.2 1 2.2 2.2zM10.4 28.2c0 1.2-1 2.2-2.1 2.2s-2.1-1-2.1-2.1c0-1.2 1-2.1 2.2-2.1s2.2 1 2.2 2.2z\"\/><\/svg><\/span><span class=\"shariff-text\">teilen<\/span>&nbsp;<\/a><\/li><li class=\"shariff-button info shariff-nocustomcolor\" style=\"background-color:#a8a8a8\"><a href=\"http:\/\/ct.de\/-2467514\" title=\"Weitere Informationen\" aria-label=\"Weitere Informationen\" role=\"button\" rel=\"noopener \" class=\"shariff-link\" style=\"; background-color:#999; color:#fff\" target=\"_blank\"><span class=\"shariff-icon\" style=\"\"><svg width=\"32px\" height=\"20px\" xmlns=\"http:\/\/www.w3.org\/2000\/svg\" viewBox=\"0 0 11 32\"><path fill=\"#999\" d=\"M11.4 24v2.3q0 0.5-0.3 0.8t-0.8 0.4h-9.1q-0.5 0-0.8-0.4t-0.4-0.8v-2.3q0-0.5 0.4-0.8t0.8-0.4h1.1v-6.8h-1.1q-0.5 0-0.8-0.4t-0.4-0.8v-2.3q0-0.5 0.4-0.8t0.8-0.4h6.8q0.5 0 0.8 0.4t0.4 0.8v10.3h1.1q0.5 0 0.8 0.4t0.3 0.8zM9.2 3.4v3.4q0 0.5-0.4 0.8t-0.8 0.4h-4.6q-0.4 0-0.8-0.4t-0.4-0.8v-3.4q0-0.4 0.4-0.8t0.8-0.4h4.6q0.5 0 0.8 0.4t0.4 0.8z\"\/><\/svg><\/span><\/a><\/li><\/ul><\/div>\n<p>Schon beim Betreten des Schulgeb\u00e4udes muss man schauen, dass man blo\u00df die richtige T\u00fcr nimmt, denn manche klemmen so sehr, dass man als 10- oder 11-j\u00e4hriger kaum eine Chance hat, sie vern\u00fcnftig aufzubekommen. Endlich drin, beginnt das Suchen, denn nicht alle Bildschirme f\u00fcr die Vertretungspl\u00e4ne funktionieren immer gleich gut, bzw. zeigen \u00fcberhaupt etwas an. <\/p>\n\n\n\n<p>Ist man dann endlich im richtigen Raum angekommen, hei\u00dft es Aufpassen, denn nicht jeder Platz ist gleich gut. Direkt an den Fenstern zieht es meist total, denn die oft sind undicht und nur einfach verglast. Auch eine Garantie f\u00fcr frische Luft hat man dort nicht, denn auf Grund des Alters einiger Fenster, darf man nicht mehr alle \u00f6ffnen, weil sie einem sonst auf den Kopf fallen k\u00f6nnten.<\/p>\n\n\n\n<p>Sitzt man in der Mitte des Raumes, k\u00f6nnte es sein, dass es von oben tropft. Und ganz hinten kann man die Projektionen auf Grund der veralteten Technik meist nicht mehr richtig erkennen.<br><br>Das alles klingt eher nach einem Problemviertel in einer verarmten Gro\u00dfstadt, ist aber auch hier bei uns in T\u00f6nisvorst in vielen Klassenr\u00e4umen traurige Realit\u00e4t. Davon, und von noch einigen Problemen mehr, konnten sich am Montag mehrere Mitglieder der Fraktionen der GUT zusammen mit B\u00dcNDNIS 90\/DIE GR\u00dcNEN, SPD und UWT2020 selbst ein Bild machen.<\/p>\n\n\n\n<figure class=\"wp-block-gallery columns-3 is-cropped wp-block-gallery-1 is-layout-flex wp-block-gallery-is-layout-flex\"><ul class=\"blocks-gallery-grid\"><li class=\"blocks-gallery-item\"><figure><img loading=\"lazy\" decoding=\"async\" width=\"768\" height=\"1024\" src=\"https:\/\/gemeinschaft-unabhaengiger-toenisvorster.de\/wp-content\/uploads\/2021\/09\/20210920_160637-768x1024.jpg\" alt=\"\" data-id=\"1646\" data-full-url=\"https:\/\/gemeinschaft-unabhaengiger-toenisvorster.de\/wp-content\/uploads\/2021\/09\/20210920_160637-scaled.jpg\" data-link=\"https:\/\/gemeinschaft-unabhaengiger-toenisvorster.de\/?attachment_id=1646\" class=\"wp-image-1646\" srcset=\"https:\/\/gemeinschaft-unabhaengiger-toenisvorster.de\/wp-content\/uploads\/2021\/09\/20210920_160637-768x1024.jpg 768w, https:\/\/gemeinschaft-unabhaengiger-toenisvorster.de\/wp-content\/uploads\/2021\/09\/20210920_160637-225x300.jpg 225w, https:\/\/gemeinschaft-unabhaengiger-toenisvorster.de\/wp-content\/uploads\/2021\/09\/20210920_160637-1152x1536.jpg 1152w, https:\/\/gemeinschaft-unabhaengiger-toenisvorster.de\/wp-content\/uploads\/2021\/09\/20210920_160637-1536x2048.jpg 1536w, https:\/\/gemeinschaft-unabhaengiger-toenisvorster.de\/wp-content\/uploads\/2021\/09\/20210920_160637-scaled.jpg 1920w\" sizes=\"auto, (max-width: 768px) 100vw, 768px\" \/><\/figure><\/li><li class=\"blocks-gallery-item\"><figure><img loading=\"lazy\" decoding=\"async\" width=\"1024\" height=\"768\" src=\"https:\/\/gemeinschaft-unabhaengiger-toenisvorster.de\/wp-content\/uploads\/2021\/09\/20210920_160809-1024x768.jpg\" alt=\"\" data-id=\"1647\" data-full-url=\"https:\/\/gemeinschaft-unabhaengiger-toenisvorster.de\/wp-content\/uploads\/2021\/09\/20210920_160809-scaled.jpg\" data-link=\"https:\/\/gemeinschaft-unabhaengiger-toenisvorster.de\/?attachment_id=1647\" class=\"wp-image-1647\" srcset=\"https:\/\/gemeinschaft-unabhaengiger-toenisvorster.de\/wp-content\/uploads\/2021\/09\/20210920_160809-1024x768.jpg 1024w, https:\/\/gemeinschaft-unabhaengiger-toenisvorster.de\/wp-content\/uploads\/2021\/09\/20210920_160809-300x225.jpg 300w, https:\/\/gemeinschaft-unabhaengiger-toenisvorster.de\/wp-content\/uploads\/2021\/09\/20210920_160809-768x576.jpg 768w, https:\/\/gemeinschaft-unabhaengiger-toenisvorster.de\/wp-content\/uploads\/2021\/09\/20210920_160809-1536x1152.jpg 1536w, https:\/\/gemeinschaft-unabhaengiger-toenisvorster.de\/wp-content\/uploads\/2021\/09\/20210920_160809-2048x1536.jpg 2048w\" sizes=\"auto, (max-width: 1024px) 100vw, 1024px\" \/><\/figure><\/li><li class=\"blocks-gallery-item\"><figure><img loading=\"lazy\" decoding=\"async\" width=\"1024\" height=\"768\" src=\"https:\/\/gemeinschaft-unabhaengiger-toenisvorster.de\/wp-content\/uploads\/2021\/09\/20210920_160814-1024x768.jpg\" alt=\"\" data-id=\"1648\" data-full-url=\"https:\/\/gemeinschaft-unabhaengiger-toenisvorster.de\/wp-content\/uploads\/2021\/09\/20210920_160814-scaled.jpg\" data-link=\"https:\/\/gemeinschaft-unabhaengiger-toenisvorster.de\/?attachment_id=1648\" class=\"wp-image-1648\" srcset=\"https:\/\/gemeinschaft-unabhaengiger-toenisvorster.de\/wp-content\/uploads\/2021\/09\/20210920_160814-1024x768.jpg 1024w, https:\/\/gemeinschaft-unabhaengiger-toenisvorster.de\/wp-content\/uploads\/2021\/09\/20210920_160814-300x225.jpg 300w, https:\/\/gemeinschaft-unabhaengiger-toenisvorster.de\/wp-content\/uploads\/2021\/09\/20210920_160814-768x576.jpg 768w, https:\/\/gemeinschaft-unabhaengiger-toenisvorster.de\/wp-content\/uploads\/2021\/09\/20210920_160814-1536x1152.jpg 1536w, https:\/\/gemeinschaft-unabhaengiger-toenisvorster.de\/wp-content\/uploads\/2021\/09\/20210920_160814-2048x1536.jpg 2048w\" sizes=\"auto, (max-width: 1024px) 100vw, 1024px\" \/><\/figure><\/li><li class=\"blocks-gallery-item\"><figure><img loading=\"lazy\" decoding=\"async\" width=\"1024\" height=\"768\" src=\"https:\/\/gemeinschaft-unabhaengiger-toenisvorster.de\/wp-content\/uploads\/2021\/09\/20210920_160820-1024x768.jpg\" alt=\"\" data-id=\"1649\" data-full-url=\"https:\/\/gemeinschaft-unabhaengiger-toenisvorster.de\/wp-content\/uploads\/2021\/09\/20210920_160820-scaled.jpg\" data-link=\"https:\/\/gemeinschaft-unabhaengiger-toenisvorster.de\/?attachment_id=1649\" class=\"wp-image-1649\" srcset=\"https:\/\/gemeinschaft-unabhaengiger-toenisvorster.de\/wp-content\/uploads\/2021\/09\/20210920_160820-1024x768.jpg 1024w, https:\/\/gemeinschaft-unabhaengiger-toenisvorster.de\/wp-content\/uploads\/2021\/09\/20210920_160820-300x225.jpg 300w, https:\/\/gemeinschaft-unabhaengiger-toenisvorster.de\/wp-content\/uploads\/2021\/09\/20210920_160820-768x576.jpg 768w, https:\/\/gemeinschaft-unabhaengiger-toenisvorster.de\/wp-content\/uploads\/2021\/09\/20210920_160820-1536x1152.jpg 1536w, https:\/\/gemeinschaft-unabhaengiger-toenisvorster.de\/wp-content\/uploads\/2021\/09\/20210920_160820-2048x1536.jpg 2048w\" sizes=\"auto, (max-width: 1024px) 100vw, 1024px\" \/><\/figure><\/li><li class=\"blocks-gallery-item\"><figure><img loading=\"lazy\" decoding=\"async\" width=\"1024\" height=\"768\" src=\"https:\/\/gemeinschaft-unabhaengiger-toenisvorster.de\/wp-content\/uploads\/2021\/09\/20210920_160935-1024x768.jpg\" alt=\"\" data-id=\"1650\" data-full-url=\"https:\/\/gemeinschaft-unabhaengiger-toenisvorster.de\/wp-content\/uploads\/2021\/09\/20210920_160935-scaled.jpg\" data-link=\"https:\/\/gemeinschaft-unabhaengiger-toenisvorster.de\/?attachment_id=1650\" class=\"wp-image-1650\" srcset=\"https:\/\/gemeinschaft-unabhaengiger-toenisvorster.de\/wp-content\/uploads\/2021\/09\/20210920_160935-1024x768.jpg 1024w, https:\/\/gemeinschaft-unabhaengiger-toenisvorster.de\/wp-content\/uploads\/2021\/09\/20210920_160935-300x225.jpg 300w, https:\/\/gemeinschaft-unabhaengiger-toenisvorster.de\/wp-content\/uploads\/2021\/09\/20210920_160935-768x576.jpg 768w, https:\/\/gemeinschaft-unabhaengiger-toenisvorster.de\/wp-content\/uploads\/2021\/09\/20210920_160935-1536x1152.jpg 1536w, https:\/\/gemeinschaft-unabhaengiger-toenisvorster.de\/wp-content\/uploads\/2021\/09\/20210920_160935-2048x1536.jpg 2048w\" sizes=\"auto, (max-width: 1024px) 100vw, 1024px\" \/><\/figure><\/li><li class=\"blocks-gallery-item\"><figure><img loading=\"lazy\" decoding=\"async\" width=\"768\" height=\"1024\" src=\"https:\/\/gemeinschaft-unabhaengiger-toenisvorster.de\/wp-content\/uploads\/2021\/09\/20210920_161344-768x1024.jpg\" alt=\"\" data-id=\"1651\" data-full-url=\"https:\/\/gemeinschaft-unabhaengiger-toenisvorster.de\/wp-content\/uploads\/2021\/09\/20210920_161344-scaled.jpg\" data-link=\"https:\/\/gemeinschaft-unabhaengiger-toenisvorster.de\/?attachment_id=1651\" class=\"wp-image-1651\" srcset=\"https:\/\/gemeinschaft-unabhaengiger-toenisvorster.de\/wp-content\/uploads\/2021\/09\/20210920_161344-768x1024.jpg 768w, https:\/\/gemeinschaft-unabhaengiger-toenisvorster.de\/wp-content\/uploads\/2021\/09\/20210920_161344-225x300.jpg 225w, https:\/\/gemeinschaft-unabhaengiger-toenisvorster.de\/wp-content\/uploads\/2021\/09\/20210920_161344-1152x1536.jpg 1152w, https:\/\/gemeinschaft-unabhaengiger-toenisvorster.de\/wp-content\/uploads\/2021\/09\/20210920_161344-1536x2048.jpg 1536w, https:\/\/gemeinschaft-unabhaengiger-toenisvorster.de\/wp-content\/uploads\/2021\/09\/20210920_161344-scaled.jpg 1920w\" sizes=\"auto, (max-width: 768px) 100vw, 768px\" \/><\/figure><\/li><li class=\"blocks-gallery-item\"><figure><img loading=\"lazy\" decoding=\"async\" width=\"768\" height=\"1024\" src=\"https:\/\/gemeinschaft-unabhaengiger-toenisvorster.de\/wp-content\/uploads\/2021\/09\/20210920_161400-768x1024.jpg\" alt=\"\" data-id=\"1652\" data-full-url=\"https:\/\/gemeinschaft-unabhaengiger-toenisvorster.de\/wp-content\/uploads\/2021\/09\/20210920_161400-scaled.jpg\" data-link=\"https:\/\/gemeinschaft-unabhaengiger-toenisvorster.de\/?attachment_id=1652\" class=\"wp-image-1652\" srcset=\"https:\/\/gemeinschaft-unabhaengiger-toenisvorster.de\/wp-content\/uploads\/2021\/09\/20210920_161400-768x1024.jpg 768w, https:\/\/gemeinschaft-unabhaengiger-toenisvorster.de\/wp-content\/uploads\/2021\/09\/20210920_161400-225x300.jpg 225w, https:\/\/gemeinschaft-unabhaengiger-toenisvorster.de\/wp-content\/uploads\/2021\/09\/20210920_161400-1152x1536.jpg 1152w, https:\/\/gemeinschaft-unabhaengiger-toenisvorster.de\/wp-content\/uploads\/2021\/09\/20210920_161400-1536x2048.jpg 1536w, https:\/\/gemeinschaft-unabhaengiger-toenisvorster.de\/wp-content\/uploads\/2021\/09\/20210920_161400-scaled.jpg 1920w\" sizes=\"auto, (max-width: 768px) 100vw, 768px\" \/><\/figure><\/li><li class=\"blocks-gallery-item\"><figure><img loading=\"lazy\" decoding=\"async\" width=\"768\" height=\"1024\" src=\"https:\/\/gemeinschaft-unabhaengiger-toenisvorster.de\/wp-content\/uploads\/2021\/09\/20210920_161413-768x1024.jpg\" alt=\"\" data-id=\"1653\" data-full-url=\"https:\/\/gemeinschaft-unabhaengiger-toenisvorster.de\/wp-content\/uploads\/2021\/09\/20210920_161413-scaled.jpg\" data-link=\"https:\/\/gemeinschaft-unabhaengiger-toenisvorster.de\/?attachment_id=1653\" class=\"wp-image-1653\" srcset=\"https:\/\/gemeinschaft-unabhaengiger-toenisvorster.de\/wp-content\/uploads\/2021\/09\/20210920_161413-768x1024.jpg 768w, https:\/\/gemeinschaft-unabhaengiger-toenisvorster.de\/wp-content\/uploads\/2021\/09\/20210920_161413-225x300.jpg 225w, https:\/\/gemeinschaft-unabhaengiger-toenisvorster.de\/wp-content\/uploads\/2021\/09\/20210920_161413-1152x1536.jpg 1152w, https:\/\/gemeinschaft-unabhaengiger-toenisvorster.de\/wp-content\/uploads\/2021\/09\/20210920_161413-1536x2048.jpg 1536w, https:\/\/gemeinschaft-unabhaengiger-toenisvorster.de\/wp-content\/uploads\/2021\/09\/20210920_161413-scaled.jpg 1920w\" sizes=\"auto, (max-width: 768px) 100vw, 768px\" \/><\/figure><\/li><li class=\"blocks-gallery-item\"><figure><img loading=\"lazy\" decoding=\"async\" width=\"1024\" height=\"768\" src=\"https:\/\/gemeinschaft-unabhaengiger-toenisvorster.de\/wp-content\/uploads\/2021\/09\/20210920_161534-1024x768.jpg\" alt=\"\" data-id=\"1654\" data-full-url=\"https:\/\/gemeinschaft-unabhaengiger-toenisvorster.de\/wp-content\/uploads\/2021\/09\/20210920_161534-scaled.jpg\" data-link=\"https:\/\/gemeinschaft-unabhaengiger-toenisvorster.de\/?attachment_id=1654\" class=\"wp-image-1654\" srcset=\"https:\/\/gemeinschaft-unabhaengiger-toenisvorster.de\/wp-content\/uploads\/2021\/09\/20210920_161534-1024x768.jpg 1024w, https:\/\/gemeinschaft-unabhaengiger-toenisvorster.de\/wp-content\/uploads\/2021\/09\/20210920_161534-300x225.jpg 300w, https:\/\/gemeinschaft-unabhaengiger-toenisvorster.de\/wp-content\/uploads\/2021\/09\/20210920_161534-768x576.jpg 768w, https:\/\/gemeinschaft-unabhaengiger-toenisvorster.de\/wp-content\/uploads\/2021\/09\/20210920_161534-1536x1152.jpg 1536w, https:\/\/gemeinschaft-unabhaengiger-toenisvorster.de\/wp-content\/uploads\/2021\/09\/20210920_161534-2048x1536.jpg 2048w\" sizes=\"auto, (max-width: 1024px) 100vw, 1024px\" \/><\/figure><\/li><li class=\"blocks-gallery-item\"><figure><img loading=\"lazy\" decoding=\"async\" width=\"768\" height=\"1024\" src=\"https:\/\/gemeinschaft-unabhaengiger-toenisvorster.de\/wp-content\/uploads\/2021\/09\/20210920_161539-768x1024.jpg\" alt=\"\" data-id=\"1656\" data-full-url=\"https:\/\/gemeinschaft-unabhaengiger-toenisvorster.de\/wp-content\/uploads\/2021\/09\/20210920_161539-scaled.jpg\" data-link=\"https:\/\/gemeinschaft-unabhaengiger-toenisvorster.de\/?attachment_id=1656\" class=\"wp-image-1656\" srcset=\"https:\/\/gemeinschaft-unabhaengiger-toenisvorster.de\/wp-content\/uploads\/2021\/09\/20210920_161539-768x1024.jpg 768w, https:\/\/gemeinschaft-unabhaengiger-toenisvorster.de\/wp-content\/uploads\/2021\/09\/20210920_161539-225x300.jpg 225w, https:\/\/gemeinschaft-unabhaengiger-toenisvorster.de\/wp-content\/uploads\/2021\/09\/20210920_161539-1152x1536.jpg 1152w, https:\/\/gemeinschaft-unabhaengiger-toenisvorster.de\/wp-content\/uploads\/2021\/09\/20210920_161539-1536x2048.jpg 1536w, https:\/\/gemeinschaft-unabhaengiger-toenisvorster.de\/wp-content\/uploads\/2021\/09\/20210920_161539-scaled.jpg 1920w\" sizes=\"auto, (max-width: 768px) 100vw, 768px\" \/><\/figure><\/li><li class=\"blocks-gallery-item\"><figure><img loading=\"lazy\" decoding=\"async\" width=\"768\" height=\"1024\" src=\"https:\/\/gemeinschaft-unabhaengiger-toenisvorster.de\/wp-content\/uploads\/2021\/09\/20210920_161645-768x1024.jpg\" alt=\"\" data-id=\"1658\" data-full-url=\"https:\/\/gemeinschaft-unabhaengiger-toenisvorster.de\/wp-content\/uploads\/2021\/09\/20210920_161645-scaled.jpg\" data-link=\"https:\/\/gemeinschaft-unabhaengiger-toenisvorster.de\/?attachment_id=1658\" class=\"wp-image-1658\" srcset=\"https:\/\/gemeinschaft-unabhaengiger-toenisvorster.de\/wp-content\/uploads\/2021\/09\/20210920_161645-768x1024.jpg 768w, https:\/\/gemeinschaft-unabhaengiger-toenisvorster.de\/wp-content\/uploads\/2021\/09\/20210920_161645-225x300.jpg 225w, https:\/\/gemeinschaft-unabhaengiger-toenisvorster.de\/wp-content\/uploads\/2021\/09\/20210920_161645-1152x1536.jpg 1152w, https:\/\/gemeinschaft-unabhaengiger-toenisvorster.de\/wp-content\/uploads\/2021\/09\/20210920_161645-1536x2048.jpg 1536w, https:\/\/gemeinschaft-unabhaengiger-toenisvorster.de\/wp-content\/uploads\/2021\/09\/20210920_161645-scaled.jpg 1920w\" sizes=\"auto, (max-width: 768px) 100vw, 768px\" \/><\/figure><\/li><li class=\"blocks-gallery-item\"><figure><img loading=\"lazy\" decoding=\"async\" width=\"1024\" height=\"768\" src=\"https:\/\/gemeinschaft-unabhaengiger-toenisvorster.de\/wp-content\/uploads\/2021\/09\/20210920_161753-1024x768.jpg\" alt=\"\" data-id=\"1660\" data-full-url=\"https:\/\/gemeinschaft-unabhaengiger-toenisvorster.de\/wp-content\/uploads\/2021\/09\/20210920_161753-scaled.jpg\" data-link=\"https:\/\/gemeinschaft-unabhaengiger-toenisvorster.de\/?attachment_id=1660\" class=\"wp-image-1660\" srcset=\"https:\/\/gemeinschaft-unabhaengiger-toenisvorster.de\/wp-content\/uploads\/2021\/09\/20210920_161753-1024x768.jpg 1024w, https:\/\/gemeinschaft-unabhaengiger-toenisvorster.de\/wp-content\/uploads\/2021\/09\/20210920_161753-300x225.jpg 300w, https:\/\/gemeinschaft-unabhaengiger-toenisvorster.de\/wp-content\/uploads\/2021\/09\/20210920_161753-768x576.jpg 768w, https:\/\/gemeinschaft-unabhaengiger-toenisvorster.de\/wp-content\/uploads\/2021\/09\/20210920_161753-1536x1152.jpg 1536w, https:\/\/gemeinschaft-unabhaengiger-toenisvorster.de\/wp-content\/uploads\/2021\/09\/20210920_161753-2048x1536.jpg 2048w\" sizes=\"auto, (max-width: 1024px) 100vw, 1024px\" \/><\/figure><\/li><li class=\"blocks-gallery-item\"><figure><img loading=\"lazy\" decoding=\"async\" width=\"1024\" height=\"768\" src=\"https:\/\/gemeinschaft-unabhaengiger-toenisvorster.de\/wp-content\/uploads\/2021\/09\/20210920_161958-1024x768.jpg\" alt=\"\" data-id=\"1662\" data-full-url=\"https:\/\/gemeinschaft-unabhaengiger-toenisvorster.de\/wp-content\/uploads\/2021\/09\/20210920_161958-scaled.jpg\" data-link=\"https:\/\/gemeinschaft-unabhaengiger-toenisvorster.de\/?attachment_id=1662\" class=\"wp-image-1662\" srcset=\"https:\/\/gemeinschaft-unabhaengiger-toenisvorster.de\/wp-content\/uploads\/2021\/09\/20210920_161958-1024x768.jpg 1024w, https:\/\/gemeinschaft-unabhaengiger-toenisvorster.de\/wp-content\/uploads\/2021\/09\/20210920_161958-300x225.jpg 300w, https:\/\/gemeinschaft-unabhaengiger-toenisvorster.de\/wp-content\/uploads\/2021\/09\/20210920_161958-768x576.jpg 768w, https:\/\/gemeinschaft-unabhaengiger-toenisvorster.de\/wp-content\/uploads\/2021\/09\/20210920_161958-1536x1152.jpg 1536w, https:\/\/gemeinschaft-unabhaengiger-toenisvorster.de\/wp-content\/uploads\/2021\/09\/20210920_161958-2048x1536.jpg 2048w\" sizes=\"auto, (max-width: 1024px) 100vw, 1024px\" \/><\/figure><\/li><li class=\"blocks-gallery-item\"><figure><img loading=\"lazy\" decoding=\"async\" width=\"768\" height=\"1024\" src=\"https:\/\/gemeinschaft-unabhaengiger-toenisvorster.de\/wp-content\/uploads\/2021\/09\/20210920_162014-768x1024.jpg\" alt=\"\" data-id=\"1664\" data-full-url=\"https:\/\/gemeinschaft-unabhaengiger-toenisvorster.de\/wp-content\/uploads\/2021\/09\/20210920_162014-scaled.jpg\" data-link=\"https:\/\/gemeinschaft-unabhaengiger-toenisvorster.de\/?attachment_id=1664\" class=\"wp-image-1664\" srcset=\"https:\/\/gemeinschaft-unabhaengiger-toenisvorster.de\/wp-content\/uploads\/2021\/09\/20210920_162014-768x1024.jpg 768w, https:\/\/gemeinschaft-unabhaengiger-toenisvorster.de\/wp-content\/uploads\/2021\/09\/20210920_162014-225x300.jpg 225w, https:\/\/gemeinschaft-unabhaengiger-toenisvorster.de\/wp-content\/uploads\/2021\/09\/20210920_162014-1152x1536.jpg 1152w, https:\/\/gemeinschaft-unabhaengiger-toenisvorster.de\/wp-content\/uploads\/2021\/09\/20210920_162014-1536x2048.jpg 1536w, https:\/\/gemeinschaft-unabhaengiger-toenisvorster.de\/wp-content\/uploads\/2021\/09\/20210920_162014-scaled.jpg 1920w\" sizes=\"auto, (max-width: 768px) 100vw, 768px\" \/><\/figure><\/li><li class=\"blocks-gallery-item\"><figure><img loading=\"lazy\" decoding=\"async\" width=\"768\" height=\"1024\" src=\"https:\/\/gemeinschaft-unabhaengiger-toenisvorster.de\/wp-content\/uploads\/2021\/09\/20210920_162119-768x1024.jpg\" alt=\"\" data-id=\"1666\" data-full-url=\"https:\/\/gemeinschaft-unabhaengiger-toenisvorster.de\/wp-content\/uploads\/2021\/09\/20210920_162119-scaled.jpg\" data-link=\"https:\/\/gemeinschaft-unabhaengiger-toenisvorster.de\/?attachment_id=1666\" class=\"wp-image-1666\" srcset=\"https:\/\/gemeinschaft-unabhaengiger-toenisvorster.de\/wp-content\/uploads\/2021\/09\/20210920_162119-768x1024.jpg 768w, https:\/\/gemeinschaft-unabhaengiger-toenisvorster.de\/wp-content\/uploads\/2021\/09\/20210920_162119-225x300.jpg 225w, https:\/\/gemeinschaft-unabhaengiger-toenisvorster.de\/wp-content\/uploads\/2021\/09\/20210920_162119-1152x1536.jpg 1152w, https:\/\/gemeinschaft-unabhaengiger-toenisvorster.de\/wp-content\/uploads\/2021\/09\/20210920_162119-1536x2048.jpg 1536w, https:\/\/gemeinschaft-unabhaengiger-toenisvorster.de\/wp-content\/uploads\/2021\/09\/20210920_162119-scaled.jpg 1920w\" sizes=\"auto, (max-width: 768px) 100vw, 768px\" \/><\/figure><\/li><li class=\"blocks-gallery-item\"><figure><img loading=\"lazy\" decoding=\"async\" width=\"1024\" height=\"768\" src=\"https:\/\/gemeinschaft-unabhaengiger-toenisvorster.de\/wp-content\/uploads\/2021\/09\/20210920_162445-1024x768.jpg\" alt=\"\" data-id=\"1668\" data-full-url=\"https:\/\/gemeinschaft-unabhaengiger-toenisvorster.de\/wp-content\/uploads\/2021\/09\/20210920_162445-scaled.jpg\" data-link=\"https:\/\/gemeinschaft-unabhaengiger-toenisvorster.de\/?attachment_id=1668\" class=\"wp-image-1668\" srcset=\"https:\/\/gemeinschaft-unabhaengiger-toenisvorster.de\/wp-content\/uploads\/2021\/09\/20210920_162445-1024x768.jpg 1024w, https:\/\/gemeinschaft-unabhaengiger-toenisvorster.de\/wp-content\/uploads\/2021\/09\/20210920_162445-300x225.jpg 300w, https:\/\/gemeinschaft-unabhaengiger-toenisvorster.de\/wp-content\/uploads\/2021\/09\/20210920_162445-768x576.jpg 768w, https:\/\/gemeinschaft-unabhaengiger-toenisvorster.de\/wp-content\/uploads\/2021\/09\/20210920_162445-1536x1152.jpg 1536w, https:\/\/gemeinschaft-unabhaengiger-toenisvorster.de\/wp-content\/uploads\/2021\/09\/20210920_162445-2048x1536.jpg 2048w\" sizes=\"auto, (max-width: 1024px) 100vw, 1024px\" \/><\/figure><\/li><li class=\"blocks-gallery-item\"><figure><img loading=\"lazy\" decoding=\"async\" width=\"768\" height=\"1024\" src=\"https:\/\/gemeinschaft-unabhaengiger-toenisvorster.de\/wp-content\/uploads\/2021\/09\/20210920_162513-768x1024.jpg\" alt=\"\" data-id=\"1669\" data-full-url=\"https:\/\/gemeinschaft-unabhaengiger-toenisvorster.de\/wp-content\/uploads\/2021\/09\/20210920_162513-scaled.jpg\" data-link=\"https:\/\/gemeinschaft-unabhaengiger-toenisvorster.de\/?attachment_id=1669\" class=\"wp-image-1669\" srcset=\"https:\/\/gemeinschaft-unabhaengiger-toenisvorster.de\/wp-content\/uploads\/2021\/09\/20210920_162513-768x1024.jpg 768w, https:\/\/gemeinschaft-unabhaengiger-toenisvorster.de\/wp-content\/uploads\/2021\/09\/20210920_162513-225x300.jpg 225w, https:\/\/gemeinschaft-unabhaengiger-toenisvorster.de\/wp-content\/uploads\/2021\/09\/20210920_162513-1152x1536.jpg 1152w, https:\/\/gemeinschaft-unabhaengiger-toenisvorster.de\/wp-content\/uploads\/2021\/09\/20210920_162513-1536x2048.jpg 1536w, https:\/\/gemeinschaft-unabhaengiger-toenisvorster.de\/wp-content\/uploads\/2021\/09\/20210920_162513-scaled.jpg 1920w\" sizes=\"auto, (max-width: 768px) 100vw, 768px\" \/><\/figure><\/li><li class=\"blocks-gallery-item\"><figure><img loading=\"lazy\" decoding=\"async\" width=\"1024\" height=\"768\" src=\"https:\/\/gemeinschaft-unabhaengiger-toenisvorster.de\/wp-content\/uploads\/2021\/09\/20210920_162634-1024x768.jpg\" alt=\"\" data-id=\"1671\" data-full-url=\"https:\/\/gemeinschaft-unabhaengiger-toenisvorster.de\/wp-content\/uploads\/2021\/09\/20210920_162634-scaled.jpg\" data-link=\"https:\/\/gemeinschaft-unabhaengiger-toenisvorster.de\/?attachment_id=1671\" class=\"wp-image-1671\" srcset=\"https:\/\/gemeinschaft-unabhaengiger-toenisvorster.de\/wp-content\/uploads\/2021\/09\/20210920_162634-1024x768.jpg 1024w, https:\/\/gemeinschaft-unabhaengiger-toenisvorster.de\/wp-content\/uploads\/2021\/09\/20210920_162634-300x225.jpg 300w, https:\/\/gemeinschaft-unabhaengiger-toenisvorster.de\/wp-content\/uploads\/2021\/09\/20210920_162634-768x576.jpg 768w, https:\/\/gemeinschaft-unabhaengiger-toenisvorster.de\/wp-content\/uploads\/2021\/09\/20210920_162634-1536x1152.jpg 1536w, https:\/\/gemeinschaft-unabhaengiger-toenisvorster.de\/wp-content\/uploads\/2021\/09\/20210920_162634-2048x1536.jpg 2048w\" sizes=\"auto, (max-width: 1024px) 100vw, 1024px\" \/><\/figure><\/li><li class=\"blocks-gallery-item\"><figure><img loading=\"lazy\" decoding=\"async\" width=\"1024\" height=\"768\" src=\"https:\/\/gemeinschaft-unabhaengiger-toenisvorster.de\/wp-content\/uploads\/2021\/09\/20210920_162811-1024x768.jpg\" alt=\"\" data-id=\"1673\" data-full-url=\"https:\/\/gemeinschaft-unabhaengiger-toenisvorster.de\/wp-content\/uploads\/2021\/09\/20210920_162811-scaled.jpg\" data-link=\"https:\/\/gemeinschaft-unabhaengiger-toenisvorster.de\/?attachment_id=1673\" class=\"wp-image-1673\" srcset=\"https:\/\/gemeinschaft-unabhaengiger-toenisvorster.de\/wp-content\/uploads\/2021\/09\/20210920_162811-1024x768.jpg 1024w, https:\/\/gemeinschaft-unabhaengiger-toenisvorster.de\/wp-content\/uploads\/2021\/09\/20210920_162811-300x225.jpg 300w, https:\/\/gemeinschaft-unabhaengiger-toenisvorster.de\/wp-content\/uploads\/2021\/09\/20210920_162811-768x576.jpg 768w, https:\/\/gemeinschaft-unabhaengiger-toenisvorster.de\/wp-content\/uploads\/2021\/09\/20210920_162811-1536x1152.jpg 1536w, https:\/\/gemeinschaft-unabhaengiger-toenisvorster.de\/wp-content\/uploads\/2021\/09\/20210920_162811-2048x1536.jpg 2048w\" sizes=\"auto, (max-width: 1024px) 100vw, 1024px\" \/><\/figure><\/li><li class=\"blocks-gallery-item\"><figure><img loading=\"lazy\" decoding=\"async\" width=\"1024\" height=\"768\" src=\"https:\/\/gemeinschaft-unabhaengiger-toenisvorster.de\/wp-content\/uploads\/2021\/09\/20210920_162844-1024x768.jpg\" alt=\"\" data-id=\"1675\" data-full-url=\"https:\/\/gemeinschaft-unabhaengiger-toenisvorster.de\/wp-content\/uploads\/2021\/09\/20210920_162844-scaled.jpg\" data-link=\"https:\/\/gemeinschaft-unabhaengiger-toenisvorster.de\/?attachment_id=1675\" class=\"wp-image-1675\" srcset=\"https:\/\/gemeinschaft-unabhaengiger-toenisvorster.de\/wp-content\/uploads\/2021\/09\/20210920_162844-1024x768.jpg 1024w, https:\/\/gemeinschaft-unabhaengiger-toenisvorster.de\/wp-content\/uploads\/2021\/09\/20210920_162844-300x225.jpg 300w, https:\/\/gemeinschaft-unabhaengiger-toenisvorster.de\/wp-content\/uploads\/2021\/09\/20210920_162844-768x576.jpg 768w, https:\/\/gemeinschaft-unabhaengiger-toenisvorster.de\/wp-content\/uploads\/2021\/09\/20210920_162844-1536x1152.jpg 1536w, https:\/\/gemeinschaft-unabhaengiger-toenisvorster.de\/wp-content\/uploads\/2021\/09\/20210920_162844-2048x1536.jpg 2048w\" sizes=\"auto, (max-width: 1024px) 100vw, 1024px\" \/><\/figure><\/li><\/ul><\/figure>\n\n\n\n<p>Und das Bild, welches sich hier zeichnet, macht deutlich, dass es mit ein paar einfachen Sanierungen nicht getan ist. In manchen Fluren sind Rohre oder Stromleitungen nachtr\u00e4glich \u00fcber Putz verlegt worden, an wieder anderer Stelle findet man offen liegende elektrische Leitungen.<\/p>\n\n\n\n<p>Viele Fenster sind in einem so desolaten Zustand, dass sie weder irgendwelchen energetischen Normen gen\u00fcgen noch sich \u00f6ffnen lassen. Am Oberlicht im Lehrerzimmer z.B. sammelt sich teilweise so viel Wasser, dass eine provisorische Regenrinne angebracht wurde &#8211; innen im Raum! Auch erkennt man an vielen Stellen schon leichte Schimmelbildung.<\/p>\n\n\n\n<p>Und dies sind alles nur die oberfl\u00e4chlichen Sch\u00e4den, die auf einem kurzen Rundgang innerhalb einer Stunde gesehen wurden. Wie es innerhalb des Mauerwerks oder an anderen Bereichen aussieht, kann nur ein Bausachverst\u00e4ndiger genau kl\u00e4ren.<\/p>\n\n\n\n<figure class=\"wp-block-gallery columns-3 is-cropped wp-block-gallery-2 is-layout-flex wp-block-gallery-is-layout-flex\"><ul class=\"blocks-gallery-grid\"><li class=\"blocks-gallery-item\"><figure><img loading=\"lazy\" decoding=\"async\" width=\"768\" height=\"1024\" src=\"https:\/\/gemeinschaft-unabhaengiger-toenisvorster.de\/wp-content\/uploads\/2021\/09\/20210920_163036-768x1024.jpg\" alt=\"\" data-id=\"1655\" data-full-url=\"https:\/\/gemeinschaft-unabhaengiger-toenisvorster.de\/wp-content\/uploads\/2021\/09\/20210920_163036-scaled.jpg\" data-link=\"https:\/\/gemeinschaft-unabhaengiger-toenisvorster.de\/?attachment_id=1655\" class=\"wp-image-1655\" srcset=\"https:\/\/gemeinschaft-unabhaengiger-toenisvorster.de\/wp-content\/uploads\/2021\/09\/20210920_163036-768x1024.jpg 768w, https:\/\/gemeinschaft-unabhaengiger-toenisvorster.de\/wp-content\/uploads\/2021\/09\/20210920_163036-225x300.jpg 225w, https:\/\/gemeinschaft-unabhaengiger-toenisvorster.de\/wp-content\/uploads\/2021\/09\/20210920_163036-1152x1536.jpg 1152w, https:\/\/gemeinschaft-unabhaengiger-toenisvorster.de\/wp-content\/uploads\/2021\/09\/20210920_163036-1536x2048.jpg 1536w, https:\/\/gemeinschaft-unabhaengiger-toenisvorster.de\/wp-content\/uploads\/2021\/09\/20210920_163036-scaled.jpg 1920w\" sizes=\"auto, (max-width: 768px) 100vw, 768px\" \/><\/figure><\/li><li class=\"blocks-gallery-item\"><figure><img loading=\"lazy\" decoding=\"async\" width=\"768\" height=\"1024\" src=\"https:\/\/gemeinschaft-unabhaengiger-toenisvorster.de\/wp-content\/uploads\/2021\/09\/20210920_163115-768x1024.jpg\" alt=\"\" data-id=\"1657\" data-full-url=\"https:\/\/gemeinschaft-unabhaengiger-toenisvorster.de\/wp-content\/uploads\/2021\/09\/20210920_163115-scaled.jpg\" data-link=\"https:\/\/gemeinschaft-unabhaengiger-toenisvorster.de\/?attachment_id=1657\" class=\"wp-image-1657\" srcset=\"https:\/\/gemeinschaft-unabhaengiger-toenisvorster.de\/wp-content\/uploads\/2021\/09\/20210920_163115-768x1024.jpg 768w, https:\/\/gemeinschaft-unabhaengiger-toenisvorster.de\/wp-content\/uploads\/2021\/09\/20210920_163115-225x300.jpg 225w, https:\/\/gemeinschaft-unabhaengiger-toenisvorster.de\/wp-content\/uploads\/2021\/09\/20210920_163115-1152x1536.jpg 1152w, https:\/\/gemeinschaft-unabhaengiger-toenisvorster.de\/wp-content\/uploads\/2021\/09\/20210920_163115-1536x2048.jpg 1536w, https:\/\/gemeinschaft-unabhaengiger-toenisvorster.de\/wp-content\/uploads\/2021\/09\/20210920_163115-scaled.jpg 1920w\" sizes=\"auto, (max-width: 768px) 100vw, 768px\" \/><\/figure><\/li><li class=\"blocks-gallery-item\"><figure><img loading=\"lazy\" decoding=\"async\" width=\"768\" height=\"1024\" src=\"https:\/\/gemeinschaft-unabhaengiger-toenisvorster.de\/wp-content\/uploads\/2021\/09\/20210920_163243-768x1024.jpg\" alt=\"\" data-id=\"1659\" data-full-url=\"https:\/\/gemeinschaft-unabhaengiger-toenisvorster.de\/wp-content\/uploads\/2021\/09\/20210920_163243-scaled.jpg\" data-link=\"https:\/\/gemeinschaft-unabhaengiger-toenisvorster.de\/?attachment_id=1659\" class=\"wp-image-1659\" srcset=\"https:\/\/gemeinschaft-unabhaengiger-toenisvorster.de\/wp-content\/uploads\/2021\/09\/20210920_163243-768x1024.jpg 768w, https:\/\/gemeinschaft-unabhaengiger-toenisvorster.de\/wp-content\/uploads\/2021\/09\/20210920_163243-225x300.jpg 225w, https:\/\/gemeinschaft-unabhaengiger-toenisvorster.de\/wp-content\/uploads\/2021\/09\/20210920_163243-1152x1536.jpg 1152w, https:\/\/gemeinschaft-unabhaengiger-toenisvorster.de\/wp-content\/uploads\/2021\/09\/20210920_163243-1536x2048.jpg 1536w, https:\/\/gemeinschaft-unabhaengiger-toenisvorster.de\/wp-content\/uploads\/2021\/09\/20210920_163243-scaled.jpg 1920w\" sizes=\"auto, (max-width: 768px) 100vw, 768px\" \/><\/figure><\/li><li class=\"blocks-gallery-item\"><figure><img loading=\"lazy\" decoding=\"async\" width=\"1024\" height=\"768\" src=\"https:\/\/gemeinschaft-unabhaengiger-toenisvorster.de\/wp-content\/uploads\/2021\/09\/20210920_163252-1024x768.jpg\" alt=\"\" data-id=\"1661\" data-full-url=\"https:\/\/gemeinschaft-unabhaengiger-toenisvorster.de\/wp-content\/uploads\/2021\/09\/20210920_163252-scaled.jpg\" data-link=\"https:\/\/gemeinschaft-unabhaengiger-toenisvorster.de\/?attachment_id=1661\" class=\"wp-image-1661\" srcset=\"https:\/\/gemeinschaft-unabhaengiger-toenisvorster.de\/wp-content\/uploads\/2021\/09\/20210920_163252-1024x768.jpg 1024w, https:\/\/gemeinschaft-unabhaengiger-toenisvorster.de\/wp-content\/uploads\/2021\/09\/20210920_163252-300x225.jpg 300w, https:\/\/gemeinschaft-unabhaengiger-toenisvorster.de\/wp-content\/uploads\/2021\/09\/20210920_163252-768x576.jpg 768w, https:\/\/gemeinschaft-unabhaengiger-toenisvorster.de\/wp-content\/uploads\/2021\/09\/20210920_163252-1536x1152.jpg 1536w, https:\/\/gemeinschaft-unabhaengiger-toenisvorster.de\/wp-content\/uploads\/2021\/09\/20210920_163252-2048x1536.jpg 2048w\" sizes=\"auto, (max-width: 1024px) 100vw, 1024px\" \/><\/figure><\/li><li class=\"blocks-gallery-item\"><figure><img loading=\"lazy\" decoding=\"async\" width=\"768\" height=\"1024\" src=\"https:\/\/gemeinschaft-unabhaengiger-toenisvorster.de\/wp-content\/uploads\/2021\/09\/20210920_163328-768x1024.jpg\" alt=\"\" data-id=\"1663\" data-full-url=\"https:\/\/gemeinschaft-unabhaengiger-toenisvorster.de\/wp-content\/uploads\/2021\/09\/20210920_163328-scaled.jpg\" data-link=\"https:\/\/gemeinschaft-unabhaengiger-toenisvorster.de\/?attachment_id=1663\" class=\"wp-image-1663\" srcset=\"https:\/\/gemeinschaft-unabhaengiger-toenisvorster.de\/wp-content\/uploads\/2021\/09\/20210920_163328-768x1024.jpg 768w, https:\/\/gemeinschaft-unabhaengiger-toenisvorster.de\/wp-content\/uploads\/2021\/09\/20210920_163328-225x300.jpg 225w, https:\/\/gemeinschaft-unabhaengiger-toenisvorster.de\/wp-content\/uploads\/2021\/09\/20210920_163328-1152x1536.jpg 1152w, https:\/\/gemeinschaft-unabhaengiger-toenisvorster.de\/wp-content\/uploads\/2021\/09\/20210920_163328-1536x2048.jpg 1536w, https:\/\/gemeinschaft-unabhaengiger-toenisvorster.de\/wp-content\/uploads\/2021\/09\/20210920_163328-scaled.jpg 1920w\" sizes=\"auto, (max-width: 768px) 100vw, 768px\" \/><\/figure><\/li><li class=\"blocks-gallery-item\"><figure><img loading=\"lazy\" decoding=\"async\" width=\"1024\" height=\"768\" src=\"https:\/\/gemeinschaft-unabhaengiger-toenisvorster.de\/wp-content\/uploads\/2021\/09\/20210920_163420-1024x768.jpg\" alt=\"\" data-id=\"1665\" data-full-url=\"https:\/\/gemeinschaft-unabhaengiger-toenisvorster.de\/wp-content\/uploads\/2021\/09\/20210920_163420-scaled.jpg\" data-link=\"https:\/\/gemeinschaft-unabhaengiger-toenisvorster.de\/?attachment_id=1665\" class=\"wp-image-1665\" srcset=\"https:\/\/gemeinschaft-unabhaengiger-toenisvorster.de\/wp-content\/uploads\/2021\/09\/20210920_163420-1024x768.jpg 1024w, https:\/\/gemeinschaft-unabhaengiger-toenisvorster.de\/wp-content\/uploads\/2021\/09\/20210920_163420-300x225.jpg 300w, https:\/\/gemeinschaft-unabhaengiger-toenisvorster.de\/wp-content\/uploads\/2021\/09\/20210920_163420-768x576.jpg 768w, https:\/\/gemeinschaft-unabhaengiger-toenisvorster.de\/wp-content\/uploads\/2021\/09\/20210920_163420-1536x1152.jpg 1536w, https:\/\/gemeinschaft-unabhaengiger-toenisvorster.de\/wp-content\/uploads\/2021\/09\/20210920_163420-2048x1536.jpg 2048w\" sizes=\"auto, (max-width: 1024px) 100vw, 1024px\" \/><\/figure><\/li><li class=\"blocks-gallery-item\"><figure><img loading=\"lazy\" decoding=\"async\" width=\"768\" height=\"1024\" src=\"https:\/\/gemeinschaft-unabhaengiger-toenisvorster.de\/wp-content\/uploads\/2021\/09\/20210920_163913-768x1024.jpg\" alt=\"\" data-id=\"1667\" data-full-url=\"https:\/\/gemeinschaft-unabhaengiger-toenisvorster.de\/wp-content\/uploads\/2021\/09\/20210920_163913-scaled.jpg\" data-link=\"https:\/\/gemeinschaft-unabhaengiger-toenisvorster.de\/?attachment_id=1667\" class=\"wp-image-1667\" srcset=\"https:\/\/gemeinschaft-unabhaengiger-toenisvorster.de\/wp-content\/uploads\/2021\/09\/20210920_163913-768x1024.jpg 768w, https:\/\/gemeinschaft-unabhaengiger-toenisvorster.de\/wp-content\/uploads\/2021\/09\/20210920_163913-225x300.jpg 225w, https:\/\/gemeinschaft-unabhaengiger-toenisvorster.de\/wp-content\/uploads\/2021\/09\/20210920_163913-1152x1536.jpg 1152w, https:\/\/gemeinschaft-unabhaengiger-toenisvorster.de\/wp-content\/uploads\/2021\/09\/20210920_163913-1536x2048.jpg 1536w, https:\/\/gemeinschaft-unabhaengiger-toenisvorster.de\/wp-content\/uploads\/2021\/09\/20210920_163913-scaled.jpg 1920w\" sizes=\"auto, (max-width: 768px) 100vw, 768px\" \/><\/figure><\/li><li class=\"blocks-gallery-item\"><figure><img loading=\"lazy\" decoding=\"async\" width=\"1024\" height=\"768\" src=\"https:\/\/gemeinschaft-unabhaengiger-toenisvorster.de\/wp-content\/uploads\/2021\/09\/20210920_163950-1024x768.jpg\" alt=\"\" data-id=\"1670\" data-full-url=\"https:\/\/gemeinschaft-unabhaengiger-toenisvorster.de\/wp-content\/uploads\/2021\/09\/20210920_163950-scaled.jpg\" data-link=\"https:\/\/gemeinschaft-unabhaengiger-toenisvorster.de\/?attachment_id=1670\" class=\"wp-image-1670\" srcset=\"https:\/\/gemeinschaft-unabhaengiger-toenisvorster.de\/wp-content\/uploads\/2021\/09\/20210920_163950-1024x768.jpg 1024w, https:\/\/gemeinschaft-unabhaengiger-toenisvorster.de\/wp-content\/uploads\/2021\/09\/20210920_163950-300x225.jpg 300w, https:\/\/gemeinschaft-unabhaengiger-toenisvorster.de\/wp-content\/uploads\/2021\/09\/20210920_163950-768x576.jpg 768w, https:\/\/gemeinschaft-unabhaengiger-toenisvorster.de\/wp-content\/uploads\/2021\/09\/20210920_163950-1536x1152.jpg 1536w, https:\/\/gemeinschaft-unabhaengiger-toenisvorster.de\/wp-content\/uploads\/2021\/09\/20210920_163950-2048x1536.jpg 2048w\" sizes=\"auto, (max-width: 1024px) 100vw, 1024px\" \/><\/figure><\/li><li class=\"blocks-gallery-item\"><figure><img loading=\"lazy\" decoding=\"async\" width=\"768\" height=\"1024\" src=\"https:\/\/gemeinschaft-unabhaengiger-toenisvorster.de\/wp-content\/uploads\/2021\/09\/20210920_165629-768x1024.jpg\" alt=\"\" data-id=\"1672\" data-full-url=\"https:\/\/gemeinschaft-unabhaengiger-toenisvorster.de\/wp-content\/uploads\/2021\/09\/20210920_165629-scaled.jpg\" data-link=\"https:\/\/gemeinschaft-unabhaengiger-toenisvorster.de\/?attachment_id=1672\" class=\"wp-image-1672\" srcset=\"https:\/\/gemeinschaft-unabhaengiger-toenisvorster.de\/wp-content\/uploads\/2021\/09\/20210920_165629-768x1024.jpg 768w, https:\/\/gemeinschaft-unabhaengiger-toenisvorster.de\/wp-content\/uploads\/2021\/09\/20210920_165629-225x300.jpg 225w, https:\/\/gemeinschaft-unabhaengiger-toenisvorster.de\/wp-content\/uploads\/2021\/09\/20210920_165629-1152x1536.jpg 1152w, https:\/\/gemeinschaft-unabhaengiger-toenisvorster.de\/wp-content\/uploads\/2021\/09\/20210920_165629-1536x2048.jpg 1536w, https:\/\/gemeinschaft-unabhaengiger-toenisvorster.de\/wp-content\/uploads\/2021\/09\/20210920_165629-scaled.jpg 1920w\" sizes=\"auto, (max-width: 768px) 100vw, 768px\" \/><\/figure><\/li><li class=\"blocks-gallery-item\"><figure><img loading=\"lazy\" decoding=\"async\" width=\"1024\" height=\"768\" src=\"https:\/\/gemeinschaft-unabhaengiger-toenisvorster.de\/wp-content\/uploads\/2021\/09\/20210920_165653-1024x768.jpg\" alt=\"\" data-id=\"1674\" data-full-url=\"https:\/\/gemeinschaft-unabhaengiger-toenisvorster.de\/wp-content\/uploads\/2021\/09\/20210920_165653-scaled.jpg\" data-link=\"https:\/\/gemeinschaft-unabhaengiger-toenisvorster.de\/?attachment_id=1674\" class=\"wp-image-1674\" srcset=\"https:\/\/gemeinschaft-unabhaengiger-toenisvorster.de\/wp-content\/uploads\/2021\/09\/20210920_165653-1024x768.jpg 1024w, https:\/\/gemeinschaft-unabhaengiger-toenisvorster.de\/wp-content\/uploads\/2021\/09\/20210920_165653-300x225.jpg 300w, https:\/\/gemeinschaft-unabhaengiger-toenisvorster.de\/wp-content\/uploads\/2021\/09\/20210920_165653-768x576.jpg 768w, https:\/\/gemeinschaft-unabhaengiger-toenisvorster.de\/wp-content\/uploads\/2021\/09\/20210920_165653-1536x1152.jpg 1536w, https:\/\/gemeinschaft-unabhaengiger-toenisvorster.de\/wp-content\/uploads\/2021\/09\/20210920_165653-2048x1536.jpg 2048w\" sizes=\"auto, (max-width: 1024px) 100vw, 1024px\" \/><\/figure><\/li><li class=\"blocks-gallery-item\"><figure><img loading=\"lazy\" decoding=\"async\" width=\"1024\" height=\"768\" src=\"https:\/\/gemeinschaft-unabhaengiger-toenisvorster.de\/wp-content\/uploads\/2021\/09\/20210920_170208-1024x768.jpg\" alt=\"\" data-id=\"1676\" data-full-url=\"https:\/\/gemeinschaft-unabhaengiger-toenisvorster.de\/wp-content\/uploads\/2021\/09\/20210920_170208-scaled.jpg\" data-link=\"https:\/\/gemeinschaft-unabhaengiger-toenisvorster.de\/?attachment_id=1676\" class=\"wp-image-1676\" srcset=\"https:\/\/gemeinschaft-unabhaengiger-toenisvorster.de\/wp-content\/uploads\/2021\/09\/20210920_170208-1024x768.jpg 1024w, https:\/\/gemeinschaft-unabhaengiger-toenisvorster.de\/wp-content\/uploads\/2021\/09\/20210920_170208-300x225.jpg 300w, https:\/\/gemeinschaft-unabhaengiger-toenisvorster.de\/wp-content\/uploads\/2021\/09\/20210920_170208-768x576.jpg 768w, https:\/\/gemeinschaft-unabhaengiger-toenisvorster.de\/wp-content\/uploads\/2021\/09\/20210920_170208-1536x1152.jpg 1536w, https:\/\/gemeinschaft-unabhaengiger-toenisvorster.de\/wp-content\/uploads\/2021\/09\/20210920_170208-2048x1536.jpg 2048w\" sizes=\"auto, (max-width: 1024px) 100vw, 1024px\" \/><\/figure><\/li><li class=\"blocks-gallery-item\"><figure><img loading=\"lazy\" decoding=\"async\" width=\"1024\" height=\"768\" src=\"https:\/\/gemeinschaft-unabhaengiger-toenisvorster.de\/wp-content\/uploads\/2021\/09\/20210920_170238-1024x768.jpg\" alt=\"\" data-id=\"1677\" data-full-url=\"https:\/\/gemeinschaft-unabhaengiger-toenisvorster.de\/wp-content\/uploads\/2021\/09\/20210920_170238-scaled.jpg\" data-link=\"https:\/\/gemeinschaft-unabhaengiger-toenisvorster.de\/?attachment_id=1677\" class=\"wp-image-1677\" srcset=\"https:\/\/gemeinschaft-unabhaengiger-toenisvorster.de\/wp-content\/uploads\/2021\/09\/20210920_170238-1024x768.jpg 1024w, https:\/\/gemeinschaft-unabhaengiger-toenisvorster.de\/wp-content\/uploads\/2021\/09\/20210920_170238-300x225.jpg 300w, https:\/\/gemeinschaft-unabhaengiger-toenisvorster.de\/wp-content\/uploads\/2021\/09\/20210920_170238-768x576.jpg 768w, https:\/\/gemeinschaft-unabhaengiger-toenisvorster.de\/wp-content\/uploads\/2021\/09\/20210920_170238-1536x1152.jpg 1536w, https:\/\/gemeinschaft-unabhaengiger-toenisvorster.de\/wp-content\/uploads\/2021\/09\/20210920_170238-2048x1536.jpg 2048w\" sizes=\"auto, (max-width: 1024px) 100vw, 1024px\" \/><\/figure><\/li><li class=\"blocks-gallery-item\"><figure><img loading=\"lazy\" decoding=\"async\" width=\"768\" height=\"1024\" src=\"https:\/\/gemeinschaft-unabhaengiger-toenisvorster.de\/wp-content\/uploads\/2021\/09\/20210920_170250-768x1024.jpg\" alt=\"\" data-id=\"1678\" data-full-url=\"https:\/\/gemeinschaft-unabhaengiger-toenisvorster.de\/wp-content\/uploads\/2021\/09\/20210920_170250-scaled.jpg\" data-link=\"https:\/\/gemeinschaft-unabhaengiger-toenisvorster.de\/?attachment_id=1678\" class=\"wp-image-1678\" srcset=\"https:\/\/gemeinschaft-unabhaengiger-toenisvorster.de\/wp-content\/uploads\/2021\/09\/20210920_170250-768x1024.jpg 768w, https:\/\/gemeinschaft-unabhaengiger-toenisvorster.de\/wp-content\/uploads\/2021\/09\/20210920_170250-225x300.jpg 225w, https:\/\/gemeinschaft-unabhaengiger-toenisvorster.de\/wp-content\/uploads\/2021\/09\/20210920_170250-1152x1536.jpg 1152w, https:\/\/gemeinschaft-unabhaengiger-toenisvorster.de\/wp-content\/uploads\/2021\/09\/20210920_170250-1536x2048.jpg 1536w, https:\/\/gemeinschaft-unabhaengiger-toenisvorster.de\/wp-content\/uploads\/2021\/09\/20210920_170250-scaled.jpg 1920w\" sizes=\"auto, (max-width: 768px) 100vw, 768px\" \/><\/figure><\/li><li class=\"blocks-gallery-item\"><figure><img loading=\"lazy\" decoding=\"async\" width=\"1024\" height=\"768\" src=\"https:\/\/gemeinschaft-unabhaengiger-toenisvorster.de\/wp-content\/uploads\/2021\/09\/20210920_170831-1024x768.jpg\" alt=\"\" data-id=\"1679\" data-full-url=\"https:\/\/gemeinschaft-unabhaengiger-toenisvorster.de\/wp-content\/uploads\/2021\/09\/20210920_170831-scaled.jpg\" data-link=\"https:\/\/gemeinschaft-unabhaengiger-toenisvorster.de\/?attachment_id=1679\" class=\"wp-image-1679\" srcset=\"https:\/\/gemeinschaft-unabhaengiger-toenisvorster.de\/wp-content\/uploads\/2021\/09\/20210920_170831-1024x768.jpg 1024w, https:\/\/gemeinschaft-unabhaengiger-toenisvorster.de\/wp-content\/uploads\/2021\/09\/20210920_170831-300x225.jpg 300w, https:\/\/gemeinschaft-unabhaengiger-toenisvorster.de\/wp-content\/uploads\/2021\/09\/20210920_170831-768x576.jpg 768w, https:\/\/gemeinschaft-unabhaengiger-toenisvorster.de\/wp-content\/uploads\/2021\/09\/20210920_170831-1536x1152.jpg 1536w, https:\/\/gemeinschaft-unabhaengiger-toenisvorster.de\/wp-content\/uploads\/2021\/09\/20210920_170831-2048x1536.jpg 2048w\" sizes=\"auto, (max-width: 1024px) 100vw, 1024px\" \/><\/figure><\/li><li class=\"blocks-gallery-item\"><figure><img loading=\"lazy\" decoding=\"async\" width=\"768\" height=\"1024\" src=\"https:\/\/gemeinschaft-unabhaengiger-toenisvorster.de\/wp-content\/uploads\/2021\/09\/20210920_171621-768x1024.jpg\" alt=\"\" data-id=\"1680\" data-full-url=\"https:\/\/gemeinschaft-unabhaengiger-toenisvorster.de\/wp-content\/uploads\/2021\/09\/20210920_171621-scaled.jpg\" data-link=\"https:\/\/gemeinschaft-unabhaengiger-toenisvorster.de\/?attachment_id=1680\" class=\"wp-image-1680\" srcset=\"https:\/\/gemeinschaft-unabhaengiger-toenisvorster.de\/wp-content\/uploads\/2021\/09\/20210920_171621-768x1024.jpg 768w, https:\/\/gemeinschaft-unabhaengiger-toenisvorster.de\/wp-content\/uploads\/2021\/09\/20210920_171621-225x300.jpg 225w, https:\/\/gemeinschaft-unabhaengiger-toenisvorster.de\/wp-content\/uploads\/2021\/09\/20210920_171621-1152x1536.jpg 1152w, https:\/\/gemeinschaft-unabhaengiger-toenisvorster.de\/wp-content\/uploads\/2021\/09\/20210920_171621-1536x2048.jpg 1536w, https:\/\/gemeinschaft-unabhaengiger-toenisvorster.de\/wp-content\/uploads\/2021\/09\/20210920_171621-scaled.jpg 1920w\" sizes=\"auto, (max-width: 768px) 100vw, 768px\" \/><\/figure><\/li><li class=\"blocks-gallery-item\"><figure><img loading=\"lazy\" decoding=\"async\" width=\"1024\" height=\"768\" src=\"https:\/\/gemeinschaft-unabhaengiger-toenisvorster.de\/wp-content\/uploads\/2021\/09\/20210920_171629-1024x768.jpg\" alt=\"\" data-id=\"1681\" data-full-url=\"https:\/\/gemeinschaft-unabhaengiger-toenisvorster.de\/wp-content\/uploads\/2021\/09\/20210920_171629-scaled.jpg\" data-link=\"https:\/\/gemeinschaft-unabhaengiger-toenisvorster.de\/?attachment_id=1681\" class=\"wp-image-1681\" srcset=\"https:\/\/gemeinschaft-unabhaengiger-toenisvorster.de\/wp-content\/uploads\/2021\/09\/20210920_171629-1024x768.jpg 1024w, https:\/\/gemeinschaft-unabhaengiger-toenisvorster.de\/wp-content\/uploads\/2021\/09\/20210920_171629-300x225.jpg 300w, https:\/\/gemeinschaft-unabhaengiger-toenisvorster.de\/wp-content\/uploads\/2021\/09\/20210920_171629-768x576.jpg 768w, https:\/\/gemeinschaft-unabhaengiger-toenisvorster.de\/wp-content\/uploads\/2021\/09\/20210920_171629-1536x1152.jpg 1536w, https:\/\/gemeinschaft-unabhaengiger-toenisvorster.de\/wp-content\/uploads\/2021\/09\/20210920_171629-2048x1536.jpg 2048w\" sizes=\"auto, (max-width: 1024px) 100vw, 1024px\" \/><\/figure><\/li><li class=\"blocks-gallery-item\"><figure><img loading=\"lazy\" decoding=\"async\" width=\"768\" height=\"1024\" src=\"https:\/\/gemeinschaft-unabhaengiger-toenisvorster.de\/wp-content\/uploads\/2021\/09\/20210920_171725-768x1024.jpg\" alt=\"\" data-id=\"1682\" data-full-url=\"https:\/\/gemeinschaft-unabhaengiger-toenisvorster.de\/wp-content\/uploads\/2021\/09\/20210920_171725-scaled.jpg\" data-link=\"https:\/\/gemeinschaft-unabhaengiger-toenisvorster.de\/?attachment_id=1682\" class=\"wp-image-1682\" srcset=\"https:\/\/gemeinschaft-unabhaengiger-toenisvorster.de\/wp-content\/uploads\/2021\/09\/20210920_171725-768x1024.jpg 768w, https:\/\/gemeinschaft-unabhaengiger-toenisvorster.de\/wp-content\/uploads\/2021\/09\/20210920_171725-225x300.jpg 225w, https:\/\/gemeinschaft-unabhaengiger-toenisvorster.de\/wp-content\/uploads\/2021\/09\/20210920_171725-1152x1536.jpg 1152w, https:\/\/gemeinschaft-unabhaengiger-toenisvorster.de\/wp-content\/uploads\/2021\/09\/20210920_171725-1536x2048.jpg 1536w, https:\/\/gemeinschaft-unabhaengiger-toenisvorster.de\/wp-content\/uploads\/2021\/09\/20210920_171725-scaled.jpg 1920w\" sizes=\"auto, (max-width: 768px) 100vw, 768px\" \/><\/figure><\/li><li class=\"blocks-gallery-item\"><figure><img loading=\"lazy\" decoding=\"async\" width=\"768\" height=\"1024\" src=\"https:\/\/gemeinschaft-unabhaengiger-toenisvorster.de\/wp-content\/uploads\/2021\/09\/20210920_171739-768x1024.jpg\" alt=\"\" data-id=\"1683\" data-full-url=\"https:\/\/gemeinschaft-unabhaengiger-toenisvorster.de\/wp-content\/uploads\/2021\/09\/20210920_171739-scaled.jpg\" data-link=\"https:\/\/gemeinschaft-unabhaengiger-toenisvorster.de\/?attachment_id=1683\" class=\"wp-image-1683\" srcset=\"https:\/\/gemeinschaft-unabhaengiger-toenisvorster.de\/wp-content\/uploads\/2021\/09\/20210920_171739-768x1024.jpg 768w, https:\/\/gemeinschaft-unabhaengiger-toenisvorster.de\/wp-content\/uploads\/2021\/09\/20210920_171739-225x300.jpg 225w, https:\/\/gemeinschaft-unabhaengiger-toenisvorster.de\/wp-content\/uploads\/2021\/09\/20210920_171739-1152x1536.jpg 1152w, https:\/\/gemeinschaft-unabhaengiger-toenisvorster.de\/wp-content\/uploads\/2021\/09\/20210920_171739-1536x2048.jpg 1536w, https:\/\/gemeinschaft-unabhaengiger-toenisvorster.de\/wp-content\/uploads\/2021\/09\/20210920_171739-scaled.jpg 1920w\" sizes=\"auto, (max-width: 768px) 100vw, 768px\" \/><\/figure><\/li><li class=\"blocks-gallery-item\"><figure><img loading=\"lazy\" decoding=\"async\" width=\"768\" height=\"1024\" src=\"https:\/\/gemeinschaft-unabhaengiger-toenisvorster.de\/wp-content\/uploads\/2021\/09\/20210920_171818-768x1024.jpg\" alt=\"\" data-id=\"1684\" data-full-url=\"https:\/\/gemeinschaft-unabhaengiger-toenisvorster.de\/wp-content\/uploads\/2021\/09\/20210920_171818-scaled.jpg\" data-link=\"https:\/\/gemeinschaft-unabhaengiger-toenisvorster.de\/?attachment_id=1684\" class=\"wp-image-1684\" srcset=\"https:\/\/gemeinschaft-unabhaengiger-toenisvorster.de\/wp-content\/uploads\/2021\/09\/20210920_171818-768x1024.jpg 768w, https:\/\/gemeinschaft-unabhaengiger-toenisvorster.de\/wp-content\/uploads\/2021\/09\/20210920_171818-225x300.jpg 225w, https:\/\/gemeinschaft-unabhaengiger-toenisvorster.de\/wp-content\/uploads\/2021\/09\/20210920_171818-1152x1536.jpg 1152w, https:\/\/gemeinschaft-unabhaengiger-toenisvorster.de\/wp-content\/uploads\/2021\/09\/20210920_171818-1536x2048.jpg 1536w, https:\/\/gemeinschaft-unabhaengiger-toenisvorster.de\/wp-content\/uploads\/2021\/09\/20210920_171818-scaled.jpg 1920w\" sizes=\"auto, (max-width: 768px) 100vw, 768px\" \/><\/figure><\/li><li class=\"blocks-gallery-item\"><figure><img loading=\"lazy\" decoding=\"async\" width=\"1024\" height=\"768\" src=\"https:\/\/gemeinschaft-unabhaengiger-toenisvorster.de\/wp-content\/uploads\/2021\/09\/20210920_171857-1024x768.jpg\" alt=\"\" data-id=\"1685\" data-full-url=\"https:\/\/gemeinschaft-unabhaengiger-toenisvorster.de\/wp-content\/uploads\/2021\/09\/20210920_171857-scaled.jpg\" data-link=\"https:\/\/gemeinschaft-unabhaengiger-toenisvorster.de\/?attachment_id=1685\" class=\"wp-image-1685\" srcset=\"https:\/\/gemeinschaft-unabhaengiger-toenisvorster.de\/wp-content\/uploads\/2021\/09\/20210920_171857-1024x768.jpg 1024w, https:\/\/gemeinschaft-unabhaengiger-toenisvorster.de\/wp-content\/uploads\/2021\/09\/20210920_171857-300x225.jpg 300w, https:\/\/gemeinschaft-unabhaengiger-toenisvorster.de\/wp-content\/uploads\/2021\/09\/20210920_171857-768x576.jpg 768w, https:\/\/gemeinschaft-unabhaengiger-toenisvorster.de\/wp-content\/uploads\/2021\/09\/20210920_171857-1536x1152.jpg 1536w, https:\/\/gemeinschaft-unabhaengiger-toenisvorster.de\/wp-content\/uploads\/2021\/09\/20210920_171857-2048x1536.jpg 2048w\" sizes=\"auto, (max-width: 1024px) 100vw, 1024px\" \/><\/figure><\/li><li class=\"blocks-gallery-item\"><figure><img loading=\"lazy\" decoding=\"async\" width=\"768\" height=\"1024\" src=\"https:\/\/gemeinschaft-unabhaengiger-toenisvorster.de\/wp-content\/uploads\/2021\/09\/20210920_171905-768x1024.jpg\" alt=\"\" data-id=\"1686\" data-full-url=\"https:\/\/gemeinschaft-unabhaengiger-toenisvorster.de\/wp-content\/uploads\/2021\/09\/20210920_171905-scaled.jpg\" data-link=\"https:\/\/gemeinschaft-unabhaengiger-toenisvorster.de\/?attachment_id=1686\" class=\"wp-image-1686\" srcset=\"https:\/\/gemeinschaft-unabhaengiger-toenisvorster.de\/wp-content\/uploads\/2021\/09\/20210920_171905-768x1024.jpg 768w, https:\/\/gemeinschaft-unabhaengiger-toenisvorster.de\/wp-content\/uploads\/2021\/09\/20210920_171905-225x300.jpg 225w, https:\/\/gemeinschaft-unabhaengiger-toenisvorster.de\/wp-content\/uploads\/2021\/09\/20210920_171905-1152x1536.jpg 1152w, https:\/\/gemeinschaft-unabhaengiger-toenisvorster.de\/wp-content\/uploads\/2021\/09\/20210920_171905-1536x2048.jpg 1536w, https:\/\/gemeinschaft-unabhaengiger-toenisvorster.de\/wp-content\/uploads\/2021\/09\/20210920_171905-scaled.jpg 1920w\" sizes=\"auto, (max-width: 768px) 100vw, 768px\" \/><\/figure><\/li><\/ul><\/figure>\n\n\n\n<p>Der Rundgang in den Geb\u00e4uden der weiterf\u00fchrenden Schulen hat uns aufgezeigt welch enorm hoher Bedarf an Renovierungs- und Sanierungs-Arbeiten sich in der Vergangenheit schon angeh\u00e4uft hat. Als GUT haben wir, wie bereits erw\u00e4hnt, in Vorbereitung der Ratssitzung am&nbsp;23.09.2021&nbsp;einen <a href=\"https:\/\/gemeinschaft-unabhaengiger-toenisvorster.de\/index.php\/2021\/08\/25\/fragen-und-anregungen-zu-den-planungen-campus-toenisvorst\/\" data-type=\"post\" data-id=\"1627\" target=\"_blank\" rel=\"noreferrer noopener\">Fragenkatalog zum Campus an die Verwaltung gesendet<\/a>. Wir fragen hier auch nach den zu erwartenden Gesamtkosten (\u00f6konomisch, wie auch \u00f6kologisch) f\u00fcr eine bedarfsgerechte Sanierung und Weiterf\u00fchrung des Geb\u00e4udebestandes. Die Beantwortung dieser Fragen ist f\u00fcr uns zwingend notwendig um sie in den Denk- und Abw\u00e4gungsprozess zum Thema Campus mit einzubeziehen.<\/p>\n","protected":false},"excerpt":{"rendered":"<p>Schon beim Betreten des Schulgeb\u00e4udes muss man schauen, dass man blo\u00df die richtige T\u00fcr nimmt, denn manche klemmen so sehr, dass man als 10- oder 11-j\u00e4hriger kaum eine Chance hat, sie vern\u00fcnftig aufzubekommen. Endlich drin,[&#8230;]<\/p>\n","protected":false},"author":13,"featured_media":1668,"comment_status":"closed","ping_status":"closed","sticky":false,"template":"","format":"standard","meta":{"footnotes":""},"categories":[1,3],"tags":[83,62,149,69,123,523,524,75,124,82,78,72,525],"class_list":["post-1645","post","type-post","status-publish","format-standard","has-post-thumbnail","hentry","category-neuigkeiten","category-antraege-der-gut-fraktion","tag-planungsausschuss","tag-bauen","tag-bebauungsplan","tag-bildung","tag-familie","tag-gesamtschule","tag-gymnasium","tag-jugend","tag-kinder","tag-planung","tag-sankt-toenis","tag-schule","tag-schulzentrum"],"_links":{"self":[{"href":"https:\/\/gemeinschaft-unabhaengiger-toenisvorster.de\/index.php\/wp-json\/wp\/v2\/posts\/1645","targetHints":{"allow":["GET"]}}],"collection":[{"href":"https:\/\/gemeinschaft-unabhaengiger-toenisvorster.de\/index.php\/wp-json\/wp\/v2\/posts"}],"about":[{"href":"https:\/\/gemeinschaft-unabhaengiger-toenisvorster.de\/index.php\/wp-json\/wp\/v2\/types\/post"}],"author":[{"embeddable":true,"href":"https:\/\/gemeinschaft-unabhaengiger-toenisvorster.de\/index.php\/wp-json\/wp\/v2\/users\/13"}],"replies":[{"embeddable":true,"href":"https:\/\/gemeinschaft-unabhaengiger-toenisvorster.de\/index.php\/wp-json\/wp\/v2\/comments?post=1645"}],"version-history":[{"count":5,"href":"https:\/\/gemeinschaft-unabhaengiger-toenisvorster.de\/index.php\/wp-json\/wp\/v2\/posts\/1645\/revisions"}],"predecessor-version":[{"id":1691,"href":"https:\/\/gemeinschaft-unabhaengiger-toenisvorster.de\/index.php\/wp-json\/wp\/v2\/posts\/1645\/revisions\/1691"}],"wp:featuredmedia":[{"embeddable":true,"href":"https:\/\/gemeinschaft-unabhaengiger-toenisvorster.de\/index.php\/wp-json\/wp\/v2\/media\/1668"}],"wp:attachment":[{"href":"https:\/\/gemeinschaft-unabhaengiger-toenisvorster.de\/index.php\/wp-json\/wp\/v2\/media?parent=1645"}],"wp:term":[{"taxonomy":"category","embeddable":true,"href":"https:\/\/gemeinschaft-unabhaengiger-toenisvorster.de\/index.php\/wp-json\/wp\/v2\/categories?post=1645"},{"taxonomy":"post_tag","embeddable":true,"href":"https:\/\/gemeinschaft-unabhaengiger-toenisvorster.de\/index.php\/wp-json\/wp\/v2\/tags?post=1645"}],"curies":[{"name":"wp","href":"https:\/\/api.w.org\/{rel}","templated":true}]}}