{"id":1383,"date":"2020-10-02T16:15:00","date_gmt":"2020-10-02T14:15:00","guid":{"rendered":"https:\/\/gemeinschaft-unabhaengiger-toenisvorster.de\/?p=1383"},"modified":"2020-10-02T15:54:22","modified_gmt":"2020-10-02T13:54:22","slug":"when-they-go-low-we-go-high","status":"publish","type":"post","link":"https:\/\/gemeinschaft-unabhaengiger-toenisvorster.de\/index.php\/2020\/10\/02\/when-they-go-low-we-go-high\/","title":{"rendered":"\u201eWhen they go low, we go high\u201d"},"content":{"rendered":"<div class=\"shariff shariff-align-left shariff-widget-align-left shariff-buttonstretch\" style=\"display:none\"><ul class=\"shariff-buttons theme-color orientation-horizontal buttonsize-small\"><li class=\"shariff-button mailto shariff-nocustomcolor\" style=\"background-color:#a8a8a8\"><a href=\"mailto:?body=https%3A%2F%2Fgemeinschaft-unabhaengiger-toenisvorster.de%2Findex.php%2F2020%2F10%2F02%2Fwhen-they-go-low-we-go-high%2F&subject=%E2%80%9EWhen%20they%20go%20low%2C%20we%20go%20high%E2%80%9D\" title=\"Per E-Mail versenden\" aria-label=\"Per E-Mail versenden\" role=\"button\" rel=\"noopener nofollow\" class=\"shariff-link\" style=\"; background-color:#999; color:#fff\"><span class=\"shariff-icon\" style=\"\"><svg width=\"32px\" height=\"20px\" xmlns=\"http:\/\/www.w3.org\/2000\/svg\" viewBox=\"0 0 32 32\"><path fill=\"#999\" d=\"M32 12.7v14.2q0 1.2-0.8 2t-2 0.9h-26.3q-1.2 0-2-0.9t-0.8-2v-14.2q0.8 0.9 1.8 1.6 6.5 4.4 8.9 6.1 1 0.8 1.6 1.2t1.7 0.9 2 0.4h0.1q0.9 0 2-0.4t1.7-0.9 1.6-1.2q3-2.2 8.9-6.1 1-0.7 1.8-1.6zM32 7.4q0 1.4-0.9 2.7t-2.2 2.2q-6.7 4.7-8.4 5.8-0.2 0.1-0.7 0.5t-1 0.7-0.9 0.6-1.1 0.5-0.9 0.2h-0.1q-0.4 0-0.9-0.2t-1.1-0.5-0.9-0.6-1-0.7-0.7-0.5q-1.6-1.1-4.7-3.2t-3.6-2.6q-1.1-0.7-2.1-2t-1-2.5q0-1.4 0.7-2.3t2.1-0.9h26.3q1.2 0 2 0.8t0.9 2z\"\/><\/svg><\/span><span class=\"shariff-text\">E-Mail<\/span>&nbsp;<\/a><\/li><li class=\"shariff-button printer shariff-nocustomcolor\" style=\"background-color:#a8a8a8\"><a href=\"javascript:window.print()\" title=\"drucken\" aria-label=\"drucken\" role=\"button\" rel=\"noopener nofollow\" class=\"shariff-link\" style=\"; background-color:#999; color:#fff\"><span class=\"shariff-icon\" style=\"\"><svg width=\"32px\" height=\"20px\" xmlns=\"http:\/\/www.w3.org\/2000\/svg\" viewBox=\"0 0 30 32\"><path fill=\"#999\" d=\"M6.8 27.4h16v-4.6h-16v4.6zM6.8 16h16v-6.8h-2.8q-0.7 0-1.2-0.5t-0.5-1.2v-2.8h-11.4v11.4zM27.4 17.2q0-0.5-0.3-0.8t-0.8-0.4-0.8 0.4-0.3 0.8 0.3 0.8 0.8 0.3 0.8-0.3 0.3-0.8zM29.7 17.2v7.4q0 0.2-0.2 0.4t-0.4 0.2h-4v2.8q0 0.7-0.5 1.2t-1.2 0.5h-17.2q-0.7 0-1.2-0.5t-0.5-1.2v-2.8h-4q-0.2 0-0.4-0.2t-0.2-0.4v-7.4q0-1.4 1-2.4t2.4-1h1.2v-9.7q0-0.7 0.5-1.2t1.2-0.5h12q0.7 0 1.6 0.4t1.3 0.8l2.7 2.7q0.5 0.5 0.9 1.4t0.4 1.6v4.6h1.1q1.4 0 2.4 1t1 2.4z\"\/><\/svg><\/span><span class=\"shariff-text\">drucken<\/span>&nbsp;<\/a><\/li><li class=\"shariff-button facebook shariff-nocustomcolor\" style=\"background-color:#4273c8\"><a href=\"https:\/\/www.facebook.com\/sharer\/sharer.php?u=https%3A%2F%2Fgemeinschaft-unabhaengiger-toenisvorster.de%2Findex.php%2F2020%2F10%2F02%2Fwhen-they-go-low-we-go-high%2F\" title=\"Bei Facebook teilen\" aria-label=\"Bei Facebook teilen\" role=\"button\" rel=\"nofollow\" class=\"shariff-link\" style=\"; background-color:#3b5998; color:#fff\" target=\"_blank\"><span class=\"shariff-icon\" style=\"\"><svg width=\"32px\" height=\"20px\" xmlns=\"http:\/\/www.w3.org\/2000\/svg\" viewBox=\"0 0 18 32\"><path fill=\"#3b5998\" d=\"M17.1 0.2v4.7h-2.8q-1.5 0-2.1 0.6t-0.5 1.9v3.4h5.2l-0.7 5.3h-4.5v13.6h-5.5v-13.6h-4.5v-5.3h4.5v-3.9q0-3.3 1.9-5.2t5-1.8q2.6 0 4.1 0.2z\"\/><\/svg><\/span><span class=\"shariff-text\">teilen<\/span>&nbsp;<\/a><\/li><li class=\"shariff-button twitter shariff-nocustomcolor\" style=\"background-color:#595959\"><a href=\"https:\/\/twitter.com\/share?url=https%3A%2F%2Fgemeinschaft-unabhaengiger-toenisvorster.de%2Findex.php%2F2020%2F10%2F02%2Fwhen-they-go-low-we-go-high%2F&text=%E2%80%9EWhen%20they%20go%20low%2C%20we%20go%20high%E2%80%9D\" title=\"Bei X teilen\" aria-label=\"Bei X teilen\" role=\"button\" rel=\"noopener nofollow\" class=\"shariff-link\" style=\"; background-color:#000; color:#fff\" target=\"_blank\"><span class=\"shariff-icon\" style=\"\"><svg width=\"32px\" height=\"20px\" xmlns=\"http:\/\/www.w3.org\/2000\/svg\" viewBox=\"0 0 24 24\"><path fill=\"#000\" d=\"M14.258 10.152L23.176 0h-2.113l-7.747 8.813L7.133 0H0l9.352 13.328L0 23.973h2.113l8.176-9.309 6.531 9.309h7.133zm-2.895 3.293l-.949-1.328L2.875 1.56h3.246l6.086 8.523.945 1.328 7.91 11.078h-3.246zm0 0\"\/><\/svg><\/span><span class=\"shariff-text\">teilen<\/span>&nbsp;<\/a><\/li><li class=\"shariff-button whatsapp shariff-nocustomcolor\" style=\"background-color:#5cbe4a\"><a href=\"https:\/\/api.whatsapp.com\/send?text=https%3A%2F%2Fgemeinschaft-unabhaengiger-toenisvorster.de%2Findex.php%2F2020%2F10%2F02%2Fwhen-they-go-low-we-go-high%2F%20%E2%80%9EWhen%20they%20go%20low%2C%20we%20go%20high%E2%80%9D\" title=\"Bei Whatsapp teilen\" aria-label=\"Bei Whatsapp teilen\" role=\"button\" rel=\"noopener nofollow\" class=\"shariff-link\" style=\"; background-color:#34af23; color:#fff\" target=\"_blank\"><span class=\"shariff-icon\" style=\"\"><svg width=\"32px\" height=\"20px\" xmlns=\"http:\/\/www.w3.org\/2000\/svg\" viewBox=\"0 0 32 32\"><path fill=\"#34af23\" d=\"M17.6 17.4q0.2 0 1.7 0.8t1.6 0.9q0 0.1 0 0.3 0 0.6-0.3 1.4-0.3 0.7-1.3 1.2t-1.8 0.5q-1 0-3.4-1.1-1.7-0.8-3-2.1t-2.6-3.3q-1.3-1.9-1.3-3.5v-0.1q0.1-1.6 1.3-2.8 0.4-0.4 0.9-0.4 0.1 0 0.3 0t0.3 0q0.3 0 0.5 0.1t0.3 0.5q0.1 0.4 0.6 1.6t0.4 1.3q0 0.4-0.6 1t-0.6 0.8q0 0.1 0.1 0.3 0.6 1.3 1.8 2.4 1 0.9 2.7 1.8 0.2 0.1 0.4 0.1 0.3 0 1-0.9t0.9-0.9zM14 26.9q2.3 0 4.3-0.9t3.6-2.4 2.4-3.6 0.9-4.3-0.9-4.3-2.4-3.6-3.6-2.4-4.3-0.9-4.3 0.9-3.6 2.4-2.4 3.6-0.9 4.3q0 3.6 2.1 6.6l-1.4 4.2 4.3-1.4q2.8 1.9 6.2 1.9zM14 2.2q2.7 0 5.2 1.1t4.3 2.9 2.9 4.3 1.1 5.2-1.1 5.2-2.9 4.3-4.3 2.9-5.2 1.1q-3.5 0-6.5-1.7l-7.4 2.4 2.4-7.2q-1.9-3.2-1.9-6.9 0-2.7 1.1-5.2t2.9-4.3 4.3-2.9 5.2-1.1z\"\/><\/svg><\/span><span class=\"shariff-text\">teilen<\/span>&nbsp;<\/a><\/li><li class=\"shariff-button telegram shariff-nocustomcolor\" style=\"background-color:#4084A6\"><a href=\"https:\/\/telegram.me\/share\/url?url=https%3A%2F%2Fgemeinschaft-unabhaengiger-toenisvorster.de%2Findex.php%2F2020%2F10%2F02%2Fwhen-they-go-low-we-go-high%2F&text=%E2%80%9EWhen%20they%20go%20low%2C%20we%20go%20high%E2%80%9D\" title=\"Bei Telegram teilen\" aria-label=\"Bei Telegram teilen\" role=\"button\" rel=\"noopener nofollow\" class=\"shariff-link\" style=\"; background-color:#0088cc; color:#fff\" target=\"_blank\"><span class=\"shariff-icon\" style=\"\"><svg width=\"32px\" height=\"20px\" xmlns=\"http:\/\/www.w3.org\/2000\/svg\" viewBox=\"0 0 32 32\"><path fill=\"#0088cc\" d=\"M30.8 6.5l-4.5 21.4c-.3 1.5-1.2 1.9-2.5 1.2L16.9 24l-3.3 3.2c-.4.4-.7.7-1.4.7l.5-7L25.5 9.2c.6-.5-.1-.8-.9-.3l-15.8 10L2 16.7c-1.5-.5-1.5-1.5.3-2.2L28.9 4.3c1.3-.5 2.3.3 1.9 2.2z\"\/><\/svg><\/span><span class=\"shariff-text\">teilen<\/span>&nbsp;<\/a><\/li><li class=\"shariff-button threema shariff-nocustomcolor shariff-mobile\" style=\"background-color:#4fbc24\"><a href=\"threema:\/\/compose?text=%E2%80%9EWhen%20they%20go%20low%2C%20we%20go%20high%E2%80%9D%20https%3A%2F%2Fgemeinschaft-unabhaengiger-toenisvorster.de%2Findex.php%2F2020%2F10%2F02%2Fwhen-they-go-low-we-go-high%2F\" title=\"Bei Threema teilen\" aria-label=\"Bei Threema teilen\" role=\"button\" rel=\"noopener nofollow\" class=\"shariff-link\" style=\"; background-color:#1f1f1f; color:#fff\" target=\"_blank\"><span class=\"shariff-icon\" style=\"\"><svg width=\"32px\" height=\"20px\" xmlns=\"http:\/\/www.w3.org\/2000\/svg\" viewBox=\"0 0 32 32\"><path fill=\"#1f1f1f\" d=\"M30.8 10.9c-0.3-1.4-0.9-2.6-1.8-3.8-2-2.6-5.5-4.5-9.4-5.2-1.3-0.2-1.9-0.3-3.5-0.3s-2.2 0-3.5 0.3c-4 0.7-7.4 2.6-9.4 5.2-0.9 1.2-1.5 2.4-1.8 3.8-0.1 0.5-0.2 1.2-0.2 1.6 0 0.4 0.1 1.1 0.2 1.6 0.4 1.9 1.3 3.4 2.9 5 0.8 0.8 0.8 0.8 0.7 1.3 0 0.6-0.5 1.6-1.7 3.6-0.3 0.5-0.5 0.9-0.5 0.9 0 0.1 0.1 0.1 0.5 0 0.8-0.2 2.3-0.6 5.6-1.6 1.1-0.3 1.3-0.4 2.3-0.4 0.8 0 1.1 0 2.3 0.2 1.5 0.2 3.5 0.2 4.9 0 5.1-0.6 9.3-2.9 11.4-6.3 0.5-0.9 0.9-1.8 1.1-2.8 0.1-0.5 0.2-1.1 0.2-1.6 0-0.7-0.1-1.1-0.2-1.6-0.3-1.4 0.1 0.5 0 0zM20.6 17.3c0 0.4-0.4 0.8-0.8 0.8h-7.7c-0.4 0-0.8-0.4-0.8-0.8v-4.6c0-0.4 0.4-0.8 0.8-0.8h0.2l0-1.6c0-0.9 0-1.8 0.1-2 0.1-0.6 0.6-1.2 1.1-1.7s1.1-0.7 1.9-0.8c1.8-0.3 3.7 0.7 4.2 2.2 0.1 0.3 0.1 0.7 0.1 2.1v0 1.7h0.1c0.4 0 0.8 0.4 0.8 0.8v4.6zM15.6 7.3c-0.5 0.1-0.8 0.3-1.2 0.6s-0.6 0.8-0.7 1.3c0 0.2 0 0.8 0 1.5l0 1.2h4.6v-1.3c0-1 0-1.4-0.1-1.6-0.3-1.1-1.5-1.9-2.6-1.7zM25.8 28.2c0 1.2-1 2.2-2.1 2.2s-2.1-1-2.1-2.1c0-1.2 1-2.1 2.2-2.1s2.2 1 2.2 2.2zM18.1 28.2c0 1.2-1 2.2-2.1 2.2s-2.1-1-2.1-2.1c0-1.2 1-2.1 2.2-2.1s2.2 1 2.2 2.2zM10.4 28.2c0 1.2-1 2.2-2.1 2.2s-2.1-1-2.1-2.1c0-1.2 1-2.1 2.2-2.1s2.2 1 2.2 2.2z\"\/><\/svg><\/span><span class=\"shariff-text\">teilen<\/span>&nbsp;<\/a><\/li><li class=\"shariff-button info shariff-nocustomcolor\" style=\"background-color:#a8a8a8\"><a href=\"http:\/\/ct.de\/-2467514\" title=\"Weitere Informationen\" aria-label=\"Weitere Informationen\" role=\"button\" rel=\"noopener \" class=\"shariff-link\" style=\"; background-color:#999; color:#fff\" target=\"_blank\"><span class=\"shariff-icon\" style=\"\"><svg width=\"32px\" height=\"20px\" xmlns=\"http:\/\/www.w3.org\/2000\/svg\" viewBox=\"0 0 11 32\"><path fill=\"#999\" d=\"M11.4 24v2.3q0 0.5-0.3 0.8t-0.8 0.4h-9.1q-0.5 0-0.8-0.4t-0.4-0.8v-2.3q0-0.5 0.4-0.8t0.8-0.4h1.1v-6.8h-1.1q-0.5 0-0.8-0.4t-0.4-0.8v-2.3q0-0.5 0.4-0.8t0.8-0.4h6.8q0.5 0 0.8 0.4t0.4 0.8v10.3h1.1q0.5 0 0.8 0.4t0.3 0.8zM9.2 3.4v3.4q0 0.5-0.4 0.8t-0.8 0.4h-4.6q-0.4 0-0.8-0.4t-0.4-0.8v-3.4q0-0.4 0.4-0.8t0.8-0.4h4.6q0.5 0 0.8 0.4t0.4 0.8z\"\/><\/svg><\/span><\/a><\/li><\/ul><\/div>\n<p>\u201eWir freuen uns, dass wir mit unserem gemeinsamen, gew\u00e4hlten B\u00fcrgermeisterkandidaten wieder einen \u00fcberparteilichen B\u00fcrgermeister in T\u00f6nisvorst bekommen werden. Das war unser Ziel, als wir am Anfang des Jahres SPD und Gr\u00fcnen diesen Vorschlag unterbreitet haben,\u201c sagt GUT-Vorstandssprecherin Edith Furtmann.<\/p>\n\n\n\n<p>Und Furtmann weiter, \u201ewir w\u00fcnschen uns im neuen Stadtrat, wieder eine Sach- und faktenorientierte Kommunalpolitik, an der es in den vergangenen Jahren und zuletzt besonders im Wahlkampf sehr gemangelt hat, die gut f\u00fcr T\u00f6nisvorst ist und nicht nur gut f\u00fcr einzelne Klientel.\u201c<\/p>\n\n\n\n<h4 class=\"wp-block-heading\">Wir suchen Unterst\u00fctzung und bieten Unterst\u00fctzung an<\/h4>\n\n\n\n<p>Vorstandsmitglied Robert Seifert erkl\u00e4rt die Position der GUT und den Blick auf das Amt des B\u00fcrgermeisters genauer: \u201eWer bereit ist gemeinsam f\u00fcr eine bessere Stadt zu arbeiten, den werden wir unterst\u00fctzen bzw. erwarten gleicherma\u00dfen Unterst\u00fctzung. Dabei werden wir keine Koalition eingehen. Der B\u00fcrgermeister, und so versteht sich Uwe Leuchtenberg, sollte als Anwalt und Vermittler f\u00fcr die Interessen der B\u00fcrger arbeiten und dabei nicht darauf achten, ob eine Idee durch einen neuen farblichen Anstrich, der einen oder anderen Partei besser zu Gesicht steht. Er sollte niemandem in erster Linie als Mehrheitsbeschaffer dienen.\u201c<\/p>\n\n\n\n<h4 class=\"wp-block-heading\">Hier gibt es keine Regierungskoalition und keine Opposition<\/h4>\n\n\n\n<div class=\"wp-block-image\"><figure class=\"alignright size-large\"><img loading=\"lazy\" decoding=\"async\" width=\"190\" height=\"240\" src=\"https:\/\/gemeinschaft-unabhaengiger-toenisvorster.de\/wp-content\/uploads\/2020\/07\/janssen_philipp-1.png\" alt=\"\" class=\"wp-image-940\"\/><figcaption>Philipp Jan\u00dfen<\/figcaption><\/figure><\/div>\n\n\n\n<p>Der neue stellvertretende Fraktionssprecher, Philipp Jan\u00dfen aus Vorst, seit Jahren auch Vorstandsmitglied der GUT will ein Missverst\u00e4ndnis aufkl\u00e4ren, das in den vergangenen Tagen vereinzelt in der Presse zu lesen war: \u201eMancher Politiker in T\u00f6nisvorst wendet m\u00f6glicherweise zu sehr das Landtagsjargon auf den T\u00f6nisvorster Stadtrat an. Hier gibt es keine Regierungskoalition und keine Opposition. So wie wir es in den vergangenen zw\u00f6lf Jahren gemacht haben, werden wir uns auch in der kommenden Ratsperiode Mehrheiten zur Unterst\u00fctzung guter Ideen suchen. Wenn beispielsweise die CDU, Barrierefreiheit in T\u00f6nisvorst f\u00fcr wichtig erachtet, dann besteht kein sachlicher Hinderungsgrund an dieser Stelle zusammenzuarbeiten.\u201c<\/p>\n\n\n\n<h4 class=\"wp-block-heading\">Wir haben keinen Fraktionszwang<\/h4>\n\n\n\n<p>\u201eWie wir schon immer gesagt haben, bei der GUT kennen wir keinen Fraktionszwang, was auch dazu f\u00fchren kann, dass unsere Fraktionsmitglieder im Rat ge-gens\u00e4tzliche Meinungen vertreten,\u201c erkl\u00e4rt Edith Furtmann, selber mit jahrzehntelanger kommunalpolitischer Erfahrung. \u201eBei uns darf jeder seine Meinung haben und sagen. Das mag merkw\u00fcrdig erscheinen, ist aber f\u00fcr uns ein Zeichen unabh\u00e4ngiger, liberaler, sozialer, demokratischer, gleichberechtigter, nachhaltiger, vielseitiger und umsichtiger Politik.\u201c<\/p>\n\n\n\n<h4 class=\"wp-block-heading\">Die Menschen in T\u00f6nisvorst durchschauen schlechte Politik<\/h4>\n\n\n\n<p>Philipp Jan\u00dfen meint dazu, \u201edas ist auch eine Politik, die die Menschen in T\u00f6nisvorst erwarten und verdienen. Wir glauben, dass dies auch einer der ausschlaggebenden Gr\u00fcnde f\u00fcr die Wechselstimmung in der Stadt gewesen ist. Es ist nicht mehr so, dass man die B\u00fcrgerinnen und B\u00fcrger mit Stammtischparolen beeinflussen oder \u00fcberzeugen kann. Die Menschen sind in der Lage Halbwahrheiten zu durchschauen, selbst zu recherchieren, Zahlen und Fakten zu pr\u00fcfen und sich auf dieser Basis ein Meinungsbild zu schaffen.\u201c<\/p>\n\n\n\n<h4 class=\"wp-block-heading\">Mit Anstand und Stil in die n\u00e4chsten f\u00fcnf Jahre<\/h4>\n\n\n\n<p>Vorstandssprecher Daniel Ponten erg\u00e4nzt mit einem Bezug zum US-Wahlkampf: \u201eMich hat w\u00e4hrend des Wahlkampfs eine gute Ratgeberin an eine fast vier Jahre alte Rede von Michelle Obama erinnert, die die Erwartungshaltung diesbez\u00fcglich auf den Punkt brachte. Die First Lady sagte im Wahlkampf 2016 \u00fcber Trump und die Republikaner, \u201ewhen they go low, we go high\u201c, frei \u00fcbersetzt: Wenn die anderen sich nicht benehmen k\u00f6nnen, antworten wir mit Anstand und Stil. Das w\u00e4re doch mal ein guter Start f\u00fcr die politische Arbeit der kommenden f\u00fcnf Jahre.\u201c<\/p>\n","protected":false},"excerpt":{"rendered":"<p>\u201eWir freuen uns, dass wir mit unserem gemeinsamen, gew\u00e4hlten B\u00fcrgermeisterkandidaten wieder einen \u00fcberparteilichen B\u00fcrgermeister in T\u00f6nisvorst bekommen werden. Das war unser Ziel, als wir am Anfang des Jahres SPD und Gr\u00fcnen diesen Vorschlag unterbreitet haben,\u201c[&#8230;]<\/p>\n","protected":false},"author":5,"featured_media":1384,"comment_status":"closed","ping_status":"closed","sticky":false,"template":"","format":"standard","meta":{"footnotes":""},"categories":[40,1],"tags":[51,12,33,36,17,14,38,37,16,7,13],"class_list":["post-1383","post","type-post","status-publish","format-standard","has-post-thumbnail","hentry","category-kommunalwahl-2020","category-neuigkeiten","tag-buergerbeteiligung","tag-buergermeister","tag-daniel-ponten","tag-edith-furtmann","tag-gruene","tag-kommunalwahl-2020","tag-philipp-janssen","tag-robert-seifert","tag-spd","tag-stadtrat","tag-uwe-leuchtenberg"],"_links":{"self":[{"href":"https:\/\/gemeinschaft-unabhaengiger-toenisvorster.de\/index.php\/wp-json\/wp\/v2\/posts\/1383","targetHints":{"allow":["GET"]}}],"collection":[{"href":"https:\/\/gemeinschaft-unabhaengiger-toenisvorster.de\/index.php\/wp-json\/wp\/v2\/posts"}],"about":[{"href":"https:\/\/gemeinschaft-unabhaengiger-toenisvorster.de\/index.php\/wp-json\/wp\/v2\/types\/post"}],"author":[{"embeddable":true,"href":"https:\/\/gemeinschaft-unabhaengiger-toenisvorster.de\/index.php\/wp-json\/wp\/v2\/users\/5"}],"replies":[{"embeddable":true,"href":"https:\/\/gemeinschaft-unabhaengiger-toenisvorster.de\/index.php\/wp-json\/wp\/v2\/comments?post=1383"}],"version-history":[{"count":3,"href":"https:\/\/gemeinschaft-unabhaengiger-toenisvorster.de\/index.php\/wp-json\/wp\/v2\/posts\/1383\/revisions"}],"predecessor-version":[{"id":1388,"href":"https:\/\/gemeinschaft-unabhaengiger-toenisvorster.de\/index.php\/wp-json\/wp\/v2\/posts\/1383\/revisions\/1388"}],"wp:featuredmedia":[{"embeddable":true,"href":"https:\/\/gemeinschaft-unabhaengiger-toenisvorster.de\/index.php\/wp-json\/wp\/v2\/media\/1384"}],"wp:attachment":[{"href":"https:\/\/gemeinschaft-unabhaengiger-toenisvorster.de\/index.php\/wp-json\/wp\/v2\/media?parent=1383"}],"wp:term":[{"taxonomy":"category","embeddable":true,"href":"https:\/\/gemeinschaft-unabhaengiger-toenisvorster.de\/index.php\/wp-json\/wp\/v2\/categories?post=1383"},{"taxonomy":"post_tag","embeddable":true,"href":"https:\/\/gemeinschaft-unabhaengiger-toenisvorster.de\/index.php\/wp-json\/wp\/v2\/tags?post=1383"}],"curies":[{"name":"wp","href":"https:\/\/api.w.org\/{rel}","templated":true}]}}