{"id":1142,"date":"2020-08-04T15:00:00","date_gmt":"2020-08-04T13:00:00","guid":{"rendered":"https:\/\/gemeinschaft-unabhaengiger-toenisvorster.de\/?p=1142"},"modified":"2020-08-04T15:03:49","modified_gmt":"2020-08-04T13:03:49","slug":"besserer-nahverkehr-fast-die-haelfte-der-toenisvorster-wuerde-ein-auto-abschaffen","status":"publish","type":"post","link":"https:\/\/gemeinschaft-unabhaengiger-toenisvorster.de\/index.php\/2020\/08\/04\/besserer-nahverkehr-fast-die-haelfte-der-toenisvorster-wuerde-ein-auto-abschaffen\/","title":{"rendered":"Besserer Nahverkehr: Fast die H\u00e4lfte der T\u00f6nisvorster w\u00fcrde ein Auto abschaffen"},"content":{"rendered":"<div class=\"shariff shariff-align-left shariff-widget-align-left shariff-buttonstretch\" style=\"display:none\"><ul class=\"shariff-buttons theme-color orientation-horizontal buttonsize-small\"><li class=\"shariff-button mailto shariff-nocustomcolor\" style=\"background-color:#a8a8a8\"><a href=\"mailto:?body=https%3A%2F%2Fgemeinschaft-unabhaengiger-toenisvorster.de%2Findex.php%2F2020%2F08%2F04%2Fbesserer-nahverkehr-fast-die-haelfte-der-toenisvorster-wuerde-ein-auto-abschaffen%2F&subject=Besserer%20Nahverkehr%3A%20Fast%20die%20H%C3%A4lfte%20der%20T%C3%B6nisvorster%20w%C3%BCrde%20ein%20Auto%20abschaffen\" title=\"Per E-Mail versenden\" aria-label=\"Per E-Mail versenden\" role=\"button\" rel=\"noopener nofollow\" class=\"shariff-link\" style=\"; background-color:#999; color:#fff\"><span class=\"shariff-icon\" style=\"\"><svg width=\"32px\" height=\"20px\" xmlns=\"http:\/\/www.w3.org\/2000\/svg\" viewBox=\"0 0 32 32\"><path fill=\"#999\" d=\"M32 12.7v14.2q0 1.2-0.8 2t-2 0.9h-26.3q-1.2 0-2-0.9t-0.8-2v-14.2q0.8 0.9 1.8 1.6 6.5 4.4 8.9 6.1 1 0.8 1.6 1.2t1.7 0.9 2 0.4h0.1q0.9 0 2-0.4t1.7-0.9 1.6-1.2q3-2.2 8.9-6.1 1-0.7 1.8-1.6zM32 7.4q0 1.4-0.9 2.7t-2.2 2.2q-6.7 4.7-8.4 5.8-0.2 0.1-0.7 0.5t-1 0.7-0.9 0.6-1.1 0.5-0.9 0.2h-0.1q-0.4 0-0.9-0.2t-1.1-0.5-0.9-0.6-1-0.7-0.7-0.5q-1.6-1.1-4.7-3.2t-3.6-2.6q-1.1-0.7-2.1-2t-1-2.5q0-1.4 0.7-2.3t2.1-0.9h26.3q1.2 0 2 0.8t0.9 2z\"\/><\/svg><\/span><span class=\"shariff-text\">E-Mail<\/span>&nbsp;<\/a><\/li><li class=\"shariff-button printer shariff-nocustomcolor\" style=\"background-color:#a8a8a8\"><a href=\"javascript:window.print()\" title=\"drucken\" aria-label=\"drucken\" role=\"button\" rel=\"noopener nofollow\" class=\"shariff-link\" style=\"; background-color:#999; color:#fff\"><span class=\"shariff-icon\" style=\"\"><svg width=\"32px\" height=\"20px\" xmlns=\"http:\/\/www.w3.org\/2000\/svg\" viewBox=\"0 0 30 32\"><path fill=\"#999\" d=\"M6.8 27.4h16v-4.6h-16v4.6zM6.8 16h16v-6.8h-2.8q-0.7 0-1.2-0.5t-0.5-1.2v-2.8h-11.4v11.4zM27.4 17.2q0-0.5-0.3-0.8t-0.8-0.4-0.8 0.4-0.3 0.8 0.3 0.8 0.8 0.3 0.8-0.3 0.3-0.8zM29.7 17.2v7.4q0 0.2-0.2 0.4t-0.4 0.2h-4v2.8q0 0.7-0.5 1.2t-1.2 0.5h-17.2q-0.7 0-1.2-0.5t-0.5-1.2v-2.8h-4q-0.2 0-0.4-0.2t-0.2-0.4v-7.4q0-1.4 1-2.4t2.4-1h1.2v-9.7q0-0.7 0.5-1.2t1.2-0.5h12q0.7 0 1.6 0.4t1.3 0.8l2.7 2.7q0.5 0.5 0.9 1.4t0.4 1.6v4.6h1.1q1.4 0 2.4 1t1 2.4z\"\/><\/svg><\/span><span class=\"shariff-text\">drucken<\/span>&nbsp;<\/a><\/li><li class=\"shariff-button facebook shariff-nocustomcolor\" style=\"background-color:#4273c8\"><a href=\"https:\/\/www.facebook.com\/sharer\/sharer.php?u=https%3A%2F%2Fgemeinschaft-unabhaengiger-toenisvorster.de%2Findex.php%2F2020%2F08%2F04%2Fbesserer-nahverkehr-fast-die-haelfte-der-toenisvorster-wuerde-ein-auto-abschaffen%2F\" title=\"Bei Facebook teilen\" aria-label=\"Bei Facebook teilen\" role=\"button\" rel=\"nofollow\" class=\"shariff-link\" style=\"; background-color:#3b5998; color:#fff\" target=\"_blank\"><span class=\"shariff-icon\" style=\"\"><svg width=\"32px\" height=\"20px\" xmlns=\"http:\/\/www.w3.org\/2000\/svg\" viewBox=\"0 0 18 32\"><path fill=\"#3b5998\" d=\"M17.1 0.2v4.7h-2.8q-1.5 0-2.1 0.6t-0.5 1.9v3.4h5.2l-0.7 5.3h-4.5v13.6h-5.5v-13.6h-4.5v-5.3h4.5v-3.9q0-3.3 1.9-5.2t5-1.8q2.6 0 4.1 0.2z\"\/><\/svg><\/span><span class=\"shariff-text\">teilen<\/span>&nbsp;<\/a><\/li><li class=\"shariff-button twitter shariff-nocustomcolor\" style=\"background-color:#595959\"><a href=\"https:\/\/twitter.com\/share?url=https%3A%2F%2Fgemeinschaft-unabhaengiger-toenisvorster.de%2Findex.php%2F2020%2F08%2F04%2Fbesserer-nahverkehr-fast-die-haelfte-der-toenisvorster-wuerde-ein-auto-abschaffen%2F&text=Besserer%20Nahverkehr%3A%20Fast%20die%20H%C3%A4lfte%20der%20T%C3%B6nisvorster%20w%C3%BCrde%20ein%20Auto%20abschaffen\" title=\"Bei X teilen\" aria-label=\"Bei X teilen\" role=\"button\" rel=\"noopener nofollow\" class=\"shariff-link\" style=\"; background-color:#000; color:#fff\" target=\"_blank\"><span class=\"shariff-icon\" style=\"\"><svg width=\"32px\" height=\"20px\" xmlns=\"http:\/\/www.w3.org\/2000\/svg\" viewBox=\"0 0 24 24\"><path fill=\"#000\" d=\"M14.258 10.152L23.176 0h-2.113l-7.747 8.813L7.133 0H0l9.352 13.328L0 23.973h2.113l8.176-9.309 6.531 9.309h7.133zm-2.895 3.293l-.949-1.328L2.875 1.56h3.246l6.086 8.523.945 1.328 7.91 11.078h-3.246zm0 0\"\/><\/svg><\/span><span class=\"shariff-text\">teilen<\/span>&nbsp;<\/a><\/li><li class=\"shariff-button whatsapp shariff-nocustomcolor\" style=\"background-color:#5cbe4a\"><a href=\"https:\/\/api.whatsapp.com\/send?text=https%3A%2F%2Fgemeinschaft-unabhaengiger-toenisvorster.de%2Findex.php%2F2020%2F08%2F04%2Fbesserer-nahverkehr-fast-die-haelfte-der-toenisvorster-wuerde-ein-auto-abschaffen%2F%20Besserer%20Nahverkehr%3A%20Fast%20die%20H%C3%A4lfte%20der%20T%C3%B6nisvorster%20w%C3%BCrde%20ein%20Auto%20abschaffen\" title=\"Bei Whatsapp teilen\" aria-label=\"Bei Whatsapp teilen\" role=\"button\" rel=\"noopener nofollow\" class=\"shariff-link\" style=\"; background-color:#34af23; color:#fff\" target=\"_blank\"><span class=\"shariff-icon\" style=\"\"><svg width=\"32px\" height=\"20px\" xmlns=\"http:\/\/www.w3.org\/2000\/svg\" viewBox=\"0 0 32 32\"><path fill=\"#34af23\" d=\"M17.6 17.4q0.2 0 1.7 0.8t1.6 0.9q0 0.1 0 0.3 0 0.6-0.3 1.4-0.3 0.7-1.3 1.2t-1.8 0.5q-1 0-3.4-1.1-1.7-0.8-3-2.1t-2.6-3.3q-1.3-1.9-1.3-3.5v-0.1q0.1-1.6 1.3-2.8 0.4-0.4 0.9-0.4 0.1 0 0.3 0t0.3 0q0.3 0 0.5 0.1t0.3 0.5q0.1 0.4 0.6 1.6t0.4 1.3q0 0.4-0.6 1t-0.6 0.8q0 0.1 0.1 0.3 0.6 1.3 1.8 2.4 1 0.9 2.7 1.8 0.2 0.1 0.4 0.1 0.3 0 1-0.9t0.9-0.9zM14 26.9q2.3 0 4.3-0.9t3.6-2.4 2.4-3.6 0.9-4.3-0.9-4.3-2.4-3.6-3.6-2.4-4.3-0.9-4.3 0.9-3.6 2.4-2.4 3.6-0.9 4.3q0 3.6 2.1 6.6l-1.4 4.2 4.3-1.4q2.8 1.9 6.2 1.9zM14 2.2q2.7 0 5.2 1.1t4.3 2.9 2.9 4.3 1.1 5.2-1.1 5.2-2.9 4.3-4.3 2.9-5.2 1.1q-3.5 0-6.5-1.7l-7.4 2.4 2.4-7.2q-1.9-3.2-1.9-6.9 0-2.7 1.1-5.2t2.9-4.3 4.3-2.9 5.2-1.1z\"\/><\/svg><\/span><span class=\"shariff-text\">teilen<\/span>&nbsp;<\/a><\/li><li class=\"shariff-button telegram shariff-nocustomcolor\" style=\"background-color:#4084A6\"><a href=\"https:\/\/telegram.me\/share\/url?url=https%3A%2F%2Fgemeinschaft-unabhaengiger-toenisvorster.de%2Findex.php%2F2020%2F08%2F04%2Fbesserer-nahverkehr-fast-die-haelfte-der-toenisvorster-wuerde-ein-auto-abschaffen%2F&text=Besserer%20Nahverkehr%3A%20Fast%20die%20H%C3%A4lfte%20der%20T%C3%B6nisvorster%20w%C3%BCrde%20ein%20Auto%20abschaffen\" title=\"Bei Telegram teilen\" aria-label=\"Bei Telegram teilen\" role=\"button\" rel=\"noopener nofollow\" class=\"shariff-link\" style=\"; background-color:#0088cc; color:#fff\" target=\"_blank\"><span class=\"shariff-icon\" style=\"\"><svg width=\"32px\" height=\"20px\" xmlns=\"http:\/\/www.w3.org\/2000\/svg\" viewBox=\"0 0 32 32\"><path fill=\"#0088cc\" d=\"M30.8 6.5l-4.5 21.4c-.3 1.5-1.2 1.9-2.5 1.2L16.9 24l-3.3 3.2c-.4.4-.7.7-1.4.7l.5-7L25.5 9.2c.6-.5-.1-.8-.9-.3l-15.8 10L2 16.7c-1.5-.5-1.5-1.5.3-2.2L28.9 4.3c1.3-.5 2.3.3 1.9 2.2z\"\/><\/svg><\/span><span class=\"shariff-text\">teilen<\/span>&nbsp;<\/a><\/li><li class=\"shariff-button threema shariff-nocustomcolor shariff-mobile\" style=\"background-color:#4fbc24\"><a href=\"threema:\/\/compose?text=Besserer%20Nahverkehr%3A%20Fast%20die%20H%C3%A4lfte%20der%20T%C3%B6nisvorster%20w%C3%BCrde%20ein%20Auto%20abschaffen%20https%3A%2F%2Fgemeinschaft-unabhaengiger-toenisvorster.de%2Findex.php%2F2020%2F08%2F04%2Fbesserer-nahverkehr-fast-die-haelfte-der-toenisvorster-wuerde-ein-auto-abschaffen%2F\" title=\"Bei Threema teilen\" aria-label=\"Bei Threema teilen\" role=\"button\" rel=\"noopener nofollow\" class=\"shariff-link\" style=\"; background-color:#1f1f1f; color:#fff\" target=\"_blank\"><span class=\"shariff-icon\" style=\"\"><svg width=\"32px\" height=\"20px\" xmlns=\"http:\/\/www.w3.org\/2000\/svg\" viewBox=\"0 0 32 32\"><path fill=\"#1f1f1f\" d=\"M30.8 10.9c-0.3-1.4-0.9-2.6-1.8-3.8-2-2.6-5.5-4.5-9.4-5.2-1.3-0.2-1.9-0.3-3.5-0.3s-2.2 0-3.5 0.3c-4 0.7-7.4 2.6-9.4 5.2-0.9 1.2-1.5 2.4-1.8 3.8-0.1 0.5-0.2 1.2-0.2 1.6 0 0.4 0.1 1.1 0.2 1.6 0.4 1.9 1.3 3.4 2.9 5 0.8 0.8 0.8 0.8 0.7 1.3 0 0.6-0.5 1.6-1.7 3.6-0.3 0.5-0.5 0.9-0.5 0.9 0 0.1 0.1 0.1 0.5 0 0.8-0.2 2.3-0.6 5.6-1.6 1.1-0.3 1.3-0.4 2.3-0.4 0.8 0 1.1 0 2.3 0.2 1.5 0.2 3.5 0.2 4.9 0 5.1-0.6 9.3-2.9 11.4-6.3 0.5-0.9 0.9-1.8 1.1-2.8 0.1-0.5 0.2-1.1 0.2-1.6 0-0.7-0.1-1.1-0.2-1.6-0.3-1.4 0.1 0.5 0 0zM20.6 17.3c0 0.4-0.4 0.8-0.8 0.8h-7.7c-0.4 0-0.8-0.4-0.8-0.8v-4.6c0-0.4 0.4-0.8 0.8-0.8h0.2l0-1.6c0-0.9 0-1.8 0.1-2 0.1-0.6 0.6-1.2 1.1-1.7s1.1-0.7 1.9-0.8c1.8-0.3 3.7 0.7 4.2 2.2 0.1 0.3 0.1 0.7 0.1 2.1v0 1.7h0.1c0.4 0 0.8 0.4 0.8 0.8v4.6zM15.6 7.3c-0.5 0.1-0.8 0.3-1.2 0.6s-0.6 0.8-0.7 1.3c0 0.2 0 0.8 0 1.5l0 1.2h4.6v-1.3c0-1 0-1.4-0.1-1.6-0.3-1.1-1.5-1.9-2.6-1.7zM25.8 28.2c0 1.2-1 2.2-2.1 2.2s-2.1-1-2.1-2.1c0-1.2 1-2.1 2.2-2.1s2.2 1 2.2 2.2zM18.1 28.2c0 1.2-1 2.2-2.1 2.2s-2.1-1-2.1-2.1c0-1.2 1-2.1 2.2-2.1s2.2 1 2.2 2.2zM10.4 28.2c0 1.2-1 2.2-2.1 2.2s-2.1-1-2.1-2.1c0-1.2 1-2.1 2.2-2.1s2.2 1 2.2 2.2z\"\/><\/svg><\/span><span class=\"shariff-text\">teilen<\/span>&nbsp;<\/a><\/li><li class=\"shariff-button info shariff-nocustomcolor\" style=\"background-color:#a8a8a8\"><a href=\"http:\/\/ct.de\/-2467514\" title=\"Weitere Informationen\" aria-label=\"Weitere Informationen\" role=\"button\" rel=\"noopener \" class=\"shariff-link\" style=\"; background-color:#999; color:#fff\" target=\"_blank\"><span class=\"shariff-icon\" style=\"\"><svg width=\"32px\" height=\"20px\" xmlns=\"http:\/\/www.w3.org\/2000\/svg\" viewBox=\"0 0 11 32\"><path fill=\"#999\" d=\"M11.4 24v2.3q0 0.5-0.3 0.8t-0.8 0.4h-9.1q-0.5 0-0.8-0.4t-0.4-0.8v-2.3q0-0.5 0.4-0.8t0.8-0.4h1.1v-6.8h-1.1q-0.5 0-0.8-0.4t-0.4-0.8v-2.3q0-0.5 0.4-0.8t0.8-0.4h6.8q0.5 0 0.8 0.4t0.4 0.8v10.3h1.1q0.5 0 0.8 0.4t0.3 0.8zM9.2 3.4v3.4q0 0.5-0.4 0.8t-0.8 0.4h-4.6q-0.4 0-0.8-0.4t-0.4-0.8v-3.4q0-0.4 0.4-0.8t0.8-0.4h4.6q0.5 0 0.8 0.4t0.4 0.8z\"\/><\/svg><\/span><\/a><\/li><\/ul><\/div>\n<p>\u00dcber vier Wochen, vom 01.07. bis zum 01.08.2020 haben wir eine Umfrage zum Thema Nahverkehr in T\u00f6nisvorst durchgef\u00fchrt. Teilgenommen haben dabei 102 T\u00f6nisvorster B\u00fcrgerinnen und B\u00fcrger. Einen Teil der Ergebnisse wollen wir heute vorstellen.<\/p>\n\n\n\n<h4 class=\"wp-block-heading\">T\u00f6nisvorster fahren gerne und viel mit dem Fahrrad<\/h4>\n\n\n\n<p>Wie schon andere Umfragen ergaben sind die Menschen in T\u00f6nisvorst am liebsten zu Fu\u00df oder mit dem Fahrrad unterwegs (73 %), aber auch 59 % nutzen innerorts ihr Auto oder sind darauf angewiesen. Die Stra\u00dfenbahn ist mit 33 % die drittliebste Mobilit\u00e4tsform in der Apfelstadt, gefolgt vom Linienbus (19 %). Roller (4 %), B\u00fcrgerbus (2 %) oder Taxi (4 %) spielen eine untergeordnete Rolle.<\/p>\n\n\n\n<h4 class=\"wp-block-heading\">Ein Viertel der Befragten f\u00e4hrt Stra\u00dfenbahn<\/h4>\n\n\n\n<p>Beim Weg zur Arbeit liegt das Auto mit 63 % klar an der Spitze, \u00fcber ein Viertel nutzen aber auch regelm\u00e4\u00dfig oder alternativ das Rad (28 %) oder die Stra\u00dfenbahn (25 %). Zw\u00f6lf Prozent fahren aus T\u00f6nisvorst mit dem Zug zur Arbeit . F\u00fcr diesen Weg brauchen mehr als die H\u00e4lfte der Befragten 30 Minuten oder l\u00e4nger. 22 % der T\u00f6nisvorsterinnen und T\u00f6nisvorster haben einen Arbeitsweg von 60 Minuten oder mehr.<\/p>\n\n\n\n<h4 class=\"wp-block-heading\">Ohne einen Umstieg geht es nicht zur Arbeit<\/h4>\n\n\n\n<p>Wenn die Befragten den Arbeitsweg mit dem \u00d6PNV bew\u00e4ltigen (w\u00fcrden), m\u00fcssen die meisten mindestens einmal umsteigen (47 %), \u00fcber ein Viertel sogar zwei Mal (27 %) oder drei Mal und mehr (25 %). Da ist es nicht verwunderlich, dass 58 % sich eine bessere Anbindung oder mehr Auswahl oder zumindest h\u00e4ufigere Fahrten w\u00fcnschten (35 %).<\/p>\n\n\n\n<h4 class=\"wp-block-heading\">Mehr Fahrten und bessere Anbindung gew\u00fcnscht<\/h4>\n\n\n\n<p>Von den Befragten waren knapp ein Drittel zwischen 10 Jahren und 32 Jahren alt. Insgesamt w\u00fcnscht sich aber sogar fast die H\u00e4lfte aller (47 %) eine bessere Fahrttaktung am Abend, in der Nacht und am Wochenende.<\/p>\n\n\n\n<h4 class=\"wp-block-heading\">Bei besserem Nahverkehr k\u00f6nnte die H\u00e4lfte auf ein Auto verzichten<\/h4>\n\n\n\n<p>\u00dcberraschend war das Ergebnis, dass 49 % der T\u00f6nisvorsterinnen und T\u00f6nisvorster auf ein Auto im Haushalt verzichten k\u00f6nnte, wenn der Nahverkehr besser ausgebaut w\u00e4re. Die Teilnehmer\/ innen kamen zu 62 % aus Sankt T\u00f6nis und zu 38% aus Vorst, Laschenh\u00fctte und den Honschaften.<\/p>\n\n\n\n<h4 class=\"wp-block-heading\">Weitere Ergebnisse in den kommenden Tagen<\/h4>\n\n\n\n<p>Im zweiten und dritten Teil der Umfrage besch\u00e4ftigten wir uns mit Verkehrssicherheit, alternativen Mobilit\u00e4tsformen und der Anbindung an externe Haltepunkte. Die Ergebnisse werden wir bis zum 15.08.2020 vorstellen. <\/p>\n\n\n\n<p><a href=\"https:\/\/gemeinschaft-unabhaengiger-toenisvorster.de\/index.php\/2020\/08\/03\/15-august-2020-buergerdialog-mobilitaet-und-verkehr-in-toenisvorst-auf-dem-markt-in-vorst\/\"><strong>Diskutieren Sie mit uns in Vorst \u00fcber Mobilit\u00e4t und Verkehr in unserer Stadt!<\/strong><\/a><\/p>\n","protected":false},"excerpt":{"rendered":"<p>\u00dcber vier Wochen, vom 01.07. bis zum 01.08.2020 haben wir eine Umfrage zum Thema Nahverkehr in T\u00f6nisvorst durchgef\u00fchrt. Teilgenommen haben dabei 102 T\u00f6nisvorster B\u00fcrgerinnen und B\u00fcrger. Einen Teil der Ergebnisse wollen wir heute vorstellen. T\u00f6nisvorster[&#8230;]<\/p>\n","protected":false},"author":2,"featured_media":923,"comment_status":"closed","ping_status":"closed","sticky":false,"template":"","format":"standard","meta":{"footnotes":""},"categories":[40,1],"tags":[14,80,222,245,66,85,78,221,64,47],"class_list":["post-1142","post","type-post","status-publish","format-standard","has-post-thumbnail","hentry","category-kommunalwahl-2020","category-neuigkeiten","tag-kommunalwahl-2020","tag-laschenhuette","tag-mobilitaet","tag-nahverkehr","tag-oepnv","tag-radfahren","tag-sankt-toenis","tag-strassenbahn","tag-verkehr","tag-vorst"],"_links":{"self":[{"href":"https:\/\/gemeinschaft-unabhaengiger-toenisvorster.de\/index.php\/wp-json\/wp\/v2\/posts\/1142","targetHints":{"allow":["GET"]}}],"collection":[{"href":"https:\/\/gemeinschaft-unabhaengiger-toenisvorster.de\/index.php\/wp-json\/wp\/v2\/posts"}],"about":[{"href":"https:\/\/gemeinschaft-unabhaengiger-toenisvorster.de\/index.php\/wp-json\/wp\/v2\/types\/post"}],"author":[{"embeddable":true,"href":"https:\/\/gemeinschaft-unabhaengiger-toenisvorster.de\/index.php\/wp-json\/wp\/v2\/users\/2"}],"replies":[{"embeddable":true,"href":"https:\/\/gemeinschaft-unabhaengiger-toenisvorster.de\/index.php\/wp-json\/wp\/v2\/comments?post=1142"}],"version-history":[{"count":2,"href":"https:\/\/gemeinschaft-unabhaengiger-toenisvorster.de\/index.php\/wp-json\/wp\/v2\/posts\/1142\/revisions"}],"predecessor-version":[{"id":1158,"href":"https:\/\/gemeinschaft-unabhaengiger-toenisvorster.de\/index.php\/wp-json\/wp\/v2\/posts\/1142\/revisions\/1158"}],"wp:featuredmedia":[{"embeddable":true,"href":"https:\/\/gemeinschaft-unabhaengiger-toenisvorster.de\/index.php\/wp-json\/wp\/v2\/media\/923"}],"wp:attachment":[{"href":"https:\/\/gemeinschaft-unabhaengiger-toenisvorster.de\/index.php\/wp-json\/wp\/v2\/media?parent=1142"}],"wp:term":[{"taxonomy":"category","embeddable":true,"href":"https:\/\/gemeinschaft-unabhaengiger-toenisvorster.de\/index.php\/wp-json\/wp\/v2\/categories?post=1142"},{"taxonomy":"post_tag","embeddable":true,"href":"https:\/\/gemeinschaft-unabhaengiger-toenisvorster.de\/index.php\/wp-json\/wp\/v2\/tags?post=1142"}],"curies":[{"name":"wp","href":"https:\/\/api.w.org\/{rel}","templated":true}]}}